{"id":924,"date":"2019-08-05T09:38:25","date_gmt":"2019-08-05T12:38:25","guid":{"rendered":"https:\/\/atmosfera.com\/blog\/?p=924"},"modified":"2019-08-05T10:43:37","modified_gmt":"2019-08-05T13:43:37","slug":"ubatuba-vira-a-capital-do-ciclismo","status":"publish","type":"post","link":"https:\/\/atmosfera.com\/blog\/ubatuba-vira-a-capital-do-ciclismo\/","title":{"rendered":"Ubatuba vira a capital do ciclismo"},"content":{"rendered":"\n<h3 id=\"grupos-de-ciclistas-amadores-e-profissionais-pedalam-pelas-ruas-da-cidade\" class=\"wp-block-heading\"><em>Grupos de ciclistas amadores e profissionais pedalam pelas ruas da cidade <\/em><\/h3>\n\n\n\n<p>Conhecida como a capital do surfe, Ubatuba n\u00e3o tem apenas surfistas em busca de ondas perfeitas. A bicicleta \u00e9 um meio de transporte comum na cidade e, agora, o ciclismo chegou para ficar. \u201cOs adeptos s\u00e3o praticantes de modalidades esportivas como ciclismo, tri\u00e1tlon ou mountain bike. Ubatuba tem v\u00e1rios grupos locais que se encontram. A maior parte das vezes o ponto de encontro \u00e9 no Trevo do Pescador, que fica bem na entrada da cidade\u201d, explica o professor de Educa\u00e7\u00e3o F\u00edsica e ciclista Jovanilson Abreu. <\/p>\n\n\n\n<p>Quem quiser pedalar, \u00e9 s\u00f3 encontrar a sua tribo. Tem grupos para todos os gostos em Ubatuba. \u201cH\u00e1 diversos grupos, cada um com um objetivo diferente. Tem equipes espec\u00edficas para competi\u00e7\u00f5es, turmas de mulheres que querem explorar as trilhas e as lindas praias da regi\u00e3o, al\u00e9m de grupos mistos por idade\u201d.<\/p>\n\n\n\n<figure class=\"wp-block-image\"><img  loading=\"lazy\"  decoding=\"async\"  width=\"640\"  height=\"480\"  src=\"data:image\/png;base64,iVBORw0KGgoAAAANSUhEUgAAAAEAAAABAQMAAAAl21bKAAAAA1BMVEUAAP+KeNJXAAAAAXRSTlMAQObYZgAAAApJREFUCNdjYAAAAAIAAeIhvDMAAAAASUVORK5CYII=\"  alt=\"\"  class=\"wp-image-928 pk-lazyload\"  data-pk-sizes=\"auto\"  data-ls-sizes=\"auto, (max-width: 640px) 100vw, 640px\"  data-pk-src=\"https:\/\/atmosfera.com\/blog\/wp-content\/uploads\/2019\/08\/ciclismo-ubatuba-1.jpg\"  data-pk-srcset=\"https:\/\/atmosfera.com\/blog\/wp-content\/uploads\/2019\/08\/ciclismo-ubatuba-1.jpg 640w, https:\/\/atmosfera.com\/blog\/wp-content\/uploads\/2019\/08\/ciclismo-ubatuba-1-320x240.jpg 320w, https:\/\/atmosfera.com\/blog\/wp-content\/uploads\/2019\/08\/ciclismo-ubatuba-1-300x225.jpg 300w, https:\/\/atmosfera.com\/blog\/wp-content\/uploads\/2019\/08\/ciclismo-ubatuba-1-560x420.jpg 560w, https:\/\/atmosfera.com\/blog\/wp-content\/uploads\/2019\/08\/ciclismo-ubatuba-1-600x450.jpg 600w\" ><\/figure>\n\n\n\n<p>Antes de iniciar a pr\u00e1tica do ciclismo \u00e9 recomend\u00e1vel adquirir a bicicleta ideal. \u201cUma pessoa quer pedalar para ter melhor condicionamento f\u00edsico, outra por lazer e qualidade de vida. Depois de definida a meta, \u00e9 importante comprar a bicicleta certa. Pode ser de estrada, de trilha ou outro modelo\u201d, ressalta Jovanilson. Al\u00e9m da bike correta de acordo com o objetivo, os itens de seguran\u00e7a s\u00e3o fundamentais para prevenir acidentes. \u201cN\u00e3o \u00e9 apenas a bicicleta. Recomendo sempre que comprem equipamentos como capacete, camisas adequadas, luvas, \u00f3culos e bermuda\u201d. <\/p>\n\n\n\n<p>Por ter um alto gasto cal\u00f3rico, o ciclismo \u00e9 grande aliado de quem busca uma atividade aer\u00f3bica mais intensa e quer perder alguns quilinhos. E a\u00ed, pronto para pedalar?<\/p>\n","protected":false},"excerpt":{"rendered":"","protected":false},"author":1,"featured_media":931,"comment_status":"open","ping_status":"open","sticky":false,"template":"","format":"standard","meta":{"footnotes":""},"categories":[21],"tags":[],"powerkit_post_featured":[],"class_list":{"0":"post-924","1":"post","2":"type-post","3":"status-publish","4":"format-standard","5":"has-post-thumbnail","7":"category-turismo"},"yoast_head":"<!-- This site is optimized with the Yoast SEO plugin v20.5 - https:\/\/yoast.com\/wordpress\/plugins\/seo\/ -->\n<title>Ubatuba vira a capital do ciclismo - Blog - Atmosfera Incorporadora<\/title>\n<meta name=\"robots\" content=\"index, follow, max-snippet:-1, max-image-preview:large, max-video-preview:-1\" \/>\n<link rel=\"canonical\" href=\"https:\/\/atmosfera.com\/blog\/ubatuba-vira-a-capital-do-ciclismo\/\" \/>\n<meta property=\"og:locale\" content=\"pt_BR\" \/>\n<meta property=\"og:type\" content=\"article\" \/>\n<meta property=\"og:title\" content=\"Ubatuba vira a capital do ciclismo - Blog - Atmosfera Incorporadora\" \/>\n<meta property=\"og:url\" content=\"https:\/\/atmosfera.com\/blog\/ubatuba-vira-a-capital-do-ciclismo\/\" \/>\n<meta property=\"og:site_name\" content=\"Blog - Atmosfera Incorporadora\" \/>\n<meta property=\"article:publisher\" content=\"https:\/\/www.facebook.com\/atmosferaubatuba\/\" \/>\n<meta property=\"article:published_time\" content=\"2019-08-05T12:38:25+00:00\" \/>\n<meta property=\"article:modified_time\" content=\"2019-08-05T13:43:37+00:00\" \/>\n<meta property=\"og:image\" content=\"https:\/\/atmosfera.com\/blog\/wp-content\/uploads\/2019\/08\/ciclismo-ubatuba.jpg\" \/>\n\t<meta property=\"og:image:width\" content=\"1200\" \/>\n\t<meta property=\"og:image:height\" content=\"720\" \/>\n\t<meta property=\"og:image:type\" content=\"image\/jpeg\" \/>\n<meta name=\"author\" content=\"atmosfera\" \/>\n<meta name=\"twitter:card\" content=\"summary_large_image\" \/>\n<meta name=\"twitter:label1\" content=\"Escrito por\" \/>\n\t<meta name=\"twitter:data1\" content=\"atmosfera\" \/>\n\t<meta name=\"twitter:label2\" content=\"Est. tempo de leitura\" \/>\n\t<meta name=\"twitter:data2\" content=\"1 minuto\" \/>\n<script type=\"application\/ld+json\" class=\"yoast-schema-graph\">{\"@context\":\"https:\/\/schema.org\",\"@graph\":[{\"@type\":\"WebPage\",\"@id\":\"https:\/\/atmosfera.com\/blog\/ubatuba-vira-a-capital-do-ciclismo\/\",\"url\":\"https:\/\/atmosfera.com\/blog\/ubatuba-vira-a-capital-do-ciclismo\/\",\"name\":\"Ubatuba vira a capital do ciclismo - Blog - Atmosfera Incorporadora\",\"isPartOf\":{\"@id\":\"https:\/\/atmosfera.com\/blog\/#website\"},\"datePublished\":\"2019-08-05T12:38:25+00:00\",\"dateModified\":\"2019-08-05T13:43:37+00:00\",\"author\":{\"@id\":\"https:\/\/atmosfera.com\/blog\/#\/schema\/person\/069834abbeb7550d1a480d67f9adbf08\"},\"breadcrumb\":{\"@id\":\"https:\/\/atmosfera.com\/blog\/ubatuba-vira-a-capital-do-ciclismo\/#breadcrumb\"},\"inLanguage\":\"pt-BR\",\"potentialAction\":[{\"@type\":\"ReadAction\",\"target\":[\"https:\/\/atmosfera.com\/blog\/ubatuba-vira-a-capital-do-ciclismo\/\"]}]},{\"@type\":\"BreadcrumbList\",\"@id\":\"https:\/\/atmosfera.com\/blog\/ubatuba-vira-a-capital-do-ciclismo\/#breadcrumb\",\"itemListElement\":[{\"@type\":\"ListItem\",\"position\":1,\"name\":\"In\u00edcio\",\"item\":\"https:\/\/atmosfera.com\/blog\/\"},{\"@type\":\"ListItem\",\"position\":2,\"name\":\"Ubatuba vira a capital do ciclismo\"}]},{\"@type\":\"WebSite\",\"@id\":\"https:\/\/atmosfera.com\/blog\/#website\",\"url\":\"https:\/\/atmosfera.com\/blog\/\",\"name\":\"Blog - Atmosfera Incorporadora\",\"description\":\"Tend\u00eancias de decora\u00e7\u00e3o, informa\u00e7\u00f5es sobre o mercado imobili\u00e1rio, inova\u00e7\u00e3o e muito mais\",\"potentialAction\":[{\"@type\":\"SearchAction\",\"target\":{\"@type\":\"EntryPoint\",\"urlTemplate\":\"https:\/\/atmosfera.com\/blog\/?s={search_term_string}\"},\"query-input\":\"required name=search_term_string\"}],\"inLanguage\":\"pt-BR\"},{\"@type\":\"Person\",\"@id\":\"https:\/\/atmosfera.com\/blog\/#\/schema\/person\/069834abbeb7550d1a480d67f9adbf08\",\"name\":\"atmosfera\",\"image\":{\"@type\":\"ImageObject\",\"inLanguage\":\"pt-BR\",\"@id\":\"https:\/\/atmosfera.com\/blog\/#\/schema\/person\/image\/\",\"url\":\"https:\/\/secure.gravatar.com\/avatar\/651a8f50f8f2fc1432a0c597571f2df9ffdfe732e0fefaec4e036d9ad0e99047?s=96&d=mm&r=g\",\"contentUrl\":\"https:\/\/secure.gravatar.com\/avatar\/651a8f50f8f2fc1432a0c597571f2df9ffdfe732e0fefaec4e036d9ad0e99047?s=96&d=mm&r=g\",\"caption\":\"atmosfera\"}}]}<\/script>\n<!-- \/ Yoast SEO plugin. -->","yoast_head_json":{"title":"Ubatuba vira a capital do ciclismo - Blog - Atmosfera Incorporadora","robots":{"index":"index","follow":"follow","max-snippet":"max-snippet:-1","max-image-preview":"max-image-preview:large","max-video-preview":"max-video-preview:-1"},"canonical":"https:\/\/atmosfera.com\/blog\/ubatuba-vira-a-capital-do-ciclismo\/","og_locale":"pt_BR","og_type":"article","og_title":"Ubatuba vira a capital do ciclismo - Blog - Atmosfera Incorporadora","og_url":"https:\/\/atmosfera.com\/blog\/ubatuba-vira-a-capital-do-ciclismo\/","og_site_name":"Blog - Atmosfera Incorporadora","article_publisher":"https:\/\/www.facebook.com\/atmosferaubatuba\/","article_published_time":"2019-08-05T12:38:25+00:00","article_modified_time":"2019-08-05T13:43:37+00:00","og_image":[{"width":1200,"height":720,"url":"https:\/\/atmosfera.com\/blog\/wp-content\/uploads\/2019\/08\/ciclismo-ubatuba.jpg","type":"image\/jpeg"}],"author":"atmosfera","twitter_card":"summary_large_image","twitter_misc":{"Escrito por":"atmosfera","Est. tempo de leitura":"1 minuto"},"schema":{"@context":"https:\/\/schema.org","@graph":[{"@type":"WebPage","@id":"https:\/\/atmosfera.com\/blog\/ubatuba-vira-a-capital-do-ciclismo\/","url":"https:\/\/atmosfera.com\/blog\/ubatuba-vira-a-capital-do-ciclismo\/","name":"Ubatuba vira a capital do ciclismo - Blog - Atmosfera Incorporadora","isPartOf":{"@id":"https:\/\/atmosfera.com\/blog\/#website"},"datePublished":"2019-08-05T12:38:25+00:00","dateModified":"2019-08-05T13:43:37+00:00","author":{"@id":"https:\/\/atmosfera.com\/blog\/#\/schema\/person\/069834abbeb7550d1a480d67f9adbf08"},"breadcrumb":{"@id":"https:\/\/atmosfera.com\/blog\/ubatuba-vira-a-capital-do-ciclismo\/#breadcrumb"},"inLanguage":"pt-BR","potentialAction":[{"@type":"ReadAction","target":["https:\/\/atmosfera.com\/blog\/ubatuba-vira-a-capital-do-ciclismo\/"]}]},{"@type":"BreadcrumbList","@id":"https:\/\/atmosfera.com\/blog\/ubatuba-vira-a-capital-do-ciclismo\/#breadcrumb","itemListElement":[{"@type":"ListItem","position":1,"name":"In\u00edcio","item":"https:\/\/atmosfera.com\/blog\/"},{"@type":"ListItem","position":2,"name":"Ubatuba vira a capital do ciclismo"}]},{"@type":"WebSite","@id":"https:\/\/atmosfera.com\/blog\/#website","url":"https:\/\/atmosfera.com\/blog\/","name":"Blog - Atmosfera Incorporadora","description":"Tend\u00eancias de decora\u00e7\u00e3o, informa\u00e7\u00f5es sobre o mercado imobili\u00e1rio, inova\u00e7\u00e3o e muito mais","potentialAction":[{"@type":"SearchAction","target":{"@type":"EntryPoint","urlTemplate":"https:\/\/atmosfera.com\/blog\/?s={search_term_string}"},"query-input":"required name=search_term_string"}],"inLanguage":"pt-BR"},{"@type":"Person","@id":"https:\/\/atmosfera.com\/blog\/#\/schema\/person\/069834abbeb7550d1a480d67f9adbf08","name":"atmosfera","image":{"@type":"ImageObject","inLanguage":"pt-BR","@id":"https:\/\/atmosfera.com\/blog\/#\/schema\/person\/image\/","url":"https:\/\/secure.gravatar.com\/avatar\/651a8f50f8f2fc1432a0c597571f2df9ffdfe732e0fefaec4e036d9ad0e99047?s=96&d=mm&r=g","contentUrl":"https:\/\/secure.gravatar.com\/avatar\/651a8f50f8f2fc1432a0c597571f2df9ffdfe732e0fefaec4e036d9ad0e99047?s=96&d=mm&r=g","caption":"atmosfera"}}]}},"_links":{"self":[{"href":"https:\/\/atmosfera.com\/blog\/wp-json\/wp\/v2\/posts\/924","targetHints":{"allow":["GET"]}}],"collection":[{"href":"https:\/\/atmosfera.com\/blog\/wp-json\/wp\/v2\/posts"}],"about":[{"href":"https:\/\/atmosfera.com\/blog\/wp-json\/wp\/v2\/types\/post"}],"author":[{"embeddable":true,"href":"https:\/\/atmosfera.com\/blog\/wp-json\/wp\/v2\/users\/1"}],"replies":[{"embeddable":true,"href":"https:\/\/atmosfera.com\/blog\/wp-json\/wp\/v2\/comments?post=924"}],"version-history":[{"count":2,"href":"https:\/\/atmosfera.com\/blog\/wp-json\/wp\/v2\/posts\/924\/revisions"}],"predecessor-version":[{"id":929,"href":"https:\/\/atmosfera.com\/blog\/wp-json\/wp\/v2\/posts\/924\/revisions\/929"}],"wp:featuredmedia":[{"embeddable":true,"href":"https:\/\/atmosfera.com\/blog\/wp-json\/wp\/v2\/media\/931"}],"wp:attachment":[{"href":"https:\/\/atmosfera.com\/blog\/wp-json\/wp\/v2\/media?parent=924"}],"wp:term":[{"taxonomy":"category","embeddable":true,"href":"https:\/\/atmosfera.com\/blog\/wp-json\/wp\/v2\/categories?post=924"},{"taxonomy":"post_tag","embeddable":true,"href":"https:\/\/atmosfera.com\/blog\/wp-json\/wp\/v2\/tags?post=924"},{"taxonomy":"powerkit_post_featured","embeddable":true,"href":"https:\/\/atmosfera.com\/blog\/wp-json\/wp\/v2\/powerkit_post_featured?post=924"}],"curies":[{"name":"wp","href":"https:\/\/api.w.org\/{rel}","templated":true}]}}