{"id":1712,"date":"2024-01-31T17:56:12","date_gmt":"2024-01-31T20:56:12","guid":{"rendered":"https:\/\/atmosfera.com\/blog\/?p=1712"},"modified":"2024-02-06T09:17:10","modified_gmt":"2024-02-06T12:17:10","slug":"viw-residence-chama-atencao-de-turistas-e-viraliza-nas-redes-sociais","status":"publish","type":"post","link":"https:\/\/atmosfera.com\/blog\/viw-residence-chama-atencao-de-turistas-e-viraliza-nas-redes-sociais\/","title":{"rendered":"VIW Residence chama aten\u00e7\u00e3o de turistas e viraliza nas redes sociais"},"content":{"rendered":"\n<p>Nesta semana, o <a href=\"https:\/\/atmosfera.com\/portfolio\/viw-residence-praia-grande-ubatuba-apartamentos-a-venda-3-ou-4-suites-alto-padrao-frente-mar\/\">VIW Residence<\/a>, empreendimento localizado na Praia Grande, em Ubatuba, chamou a aten\u00e7\u00e3o do p\u00fablico e se tornou um fen\u00f4meno nas redes sociais. Um v\u00eddeo postado por um turista, questionando se todos os apartamentos do empreendimento realmente possuem piscinas na varanda ou se o efeito visual era apenas luz neon, viralizou, alcan\u00e7ando mais de 3 milh\u00f5es de visualiza\u00e7\u00f5es em poucos dias.<\/p>\n\n\n\n<p>A curiosidade e interesse pelo Viw Residence geraram uma <a href=\"https:\/\/g1.globo.com\/sp\/vale-do-paraiba-regiao\/verao-2024\/noticia\/2024\/01\/31\/inspiracao-em-hotel-nas-bahamas-e-desafio-de-engenharia-como-foi-projetado-apartamento-de-luxo-com-piscina-na-sacada-em-ubatuba.ghtml\">ampla cobertura<\/a> na m\u00eddia regional e nacional, sendo foco de mat\u00e9rias em ve\u00edculos de comunica\u00e7\u00e3o renomados, como o portal G1, a TV Vanguarda, o consagrado programa de Ana Maria Braga, os portais <a href=\"https:\/\/www.terra.com.br\/noticias\/brasil\/cidades\/sacada-com-piscina-em-apartamento-de-luxo-chama-atencao-de-turistas-e-viraliza-nas-redes-sociais,6da83c3f4db68e0f3b2acad64032262bdrvrjiji.html\">Terra<\/a>, UOL, entre outros. At\u00e9 agora, as publica\u00e7\u00f5es j\u00e1 geraram 740 coment\u00e1rios, mais de 94 mil curtidas nas redes. A repercuss\u00e3o gerou ainda cerca de 15 mil acessos no site da construtora em um s\u00f3 dia.<\/p>\n\n\n\n<figure class=\"wp-block-gallery has-nested-images columns-default is-cropped wp-block-gallery-1 is-layout-flex wp-block-gallery-is-layout-flex\">\n<figure class=\"wp-block-image size-large\"><img  loading=\"lazy\"  decoding=\"async\"  width=\"738\"  height=\"933\"  data-id=\"1714\"  src=\"data:image\/png;base64,iVBORw0KGgoAAAANSUhEUgAAAuIAAAOlAQMAAAASBxAcAAAAA1BMVEUAAP+KeNJXAAAAAXRSTlMAQObYZgAAAAlwSFlzAAAOxAAADsQBlSsOGwAAAGtJREFUeNrtwQEBAAAAgiD\/r25IQAEAAAAAAAAAAAAAAAAAAAAAAAAAAAAAAAAAAAAAAAAAAAAAAAAAAAAAAAAAAAAAAAAAAAAAAAAAAAAAAAAAAAAAAAAAAAAAAAAAAAAAAAAAAAAAAABfBlalAAEvS6vNAAAAAElFTkSuQmCC\"  alt=\"\"  class=\"wp-image-1714 pk-lazyload\"  data-pk-sizes=\"auto\"  data-ls-sizes=\"auto, (max-width: 738px) 100vw, 738px\"  data-pk-src=\"https:\/\/atmosfera.com\/blog\/wp-content\/uploads\/2024\/01\/WhatsApp-Image-2024-01-31-at-17.15.32.jpeg\"  data-pk-srcset=\"https:\/\/atmosfera.com\/blog\/wp-content\/uploads\/2024\/01\/WhatsApp-Image-2024-01-31-at-17.15.32.jpeg 738w, https:\/\/atmosfera.com\/blog\/wp-content\/uploads\/2024\/01\/WhatsApp-Image-2024-01-31-at-17.15.32-320x405.jpeg 320w, https:\/\/atmosfera.com\/blog\/wp-content\/uploads\/2024\/01\/WhatsApp-Image-2024-01-31-at-17.15.32-560x708.jpeg 560w, https:\/\/atmosfera.com\/blog\/wp-content\/uploads\/2024\/01\/WhatsApp-Image-2024-01-31-at-17.15.32-640x809.jpeg 640w\" ><\/figure>\n<\/figure>\n\n\n\n<p>No VIW, a construtora ainda tem um apartamento \u00e0 venda, cuja procura aumentou significativamente ap\u00f3s a divulga\u00e7\u00e3o.<\/p>\n\n\n\n<p><strong>Desafio de engenharia<\/strong><\/p>\n\n\n\n<p>O que muitos n\u00e3o sabem \u00e9 o desafio de engenharia que foi para construir as piscinas privativas em lajes suspensas, sem pilares de sustenta\u00e7\u00e3o. Para que tudo acontecesse da melhor forma, oferecendo seguran\u00e7a e qualidade, foram contratados profissionais especializados vindos de diversos pa\u00edses, como Estados Unidos e Cor\u00e9ia do Sul.<\/p>\n\n\n\n<p>Segundo os arquitetos respons\u00e1veis pelo projeto, Ivan Ventura e Yuri Vital, a ideia era formar uma geometria org\u00e2nica, como a natureza de Ubatuba. Os profissionais envolvidos tiveram que ser bastante arrojados e encontrar solu\u00e7\u00f5es inovadoras para concretizar o projeto tal qual foi concebido, com o conceito das varandas, que rementem a as montanhas, com a horizontalidade do mar.<\/p>\n\n\n\n<p>&#8220;Foram v\u00e1rios desafios. O primeiro deles foi &#8220;equilibrar&#8221; o empreendimento, j\u00e1 que ter a piscina na parte da frente fazia o pr\u00e9dio ter uma carga elevada em uma parte e pouca em outra. Conseguimos solucionar distribuindo melhor o peso nas lajes, vigas, pilares &#8220;, explica o engenheiro respons\u00e1vel pela obra, Fabio Planas.<\/p>\n\n\n\n<p><strong>Outros destaques<\/strong><\/p>\n\n\n\n<p>No ano passado, o VIW tamb\u00e9m foi foco na m\u00eddia especializada, sendo capa da <a href=\"https:\/\/revistatechne.com.br\/edicao\/295\/\">Revista T\u00e9chne<\/a> e destaque no <a href=\"https:\/\/blogdaengenharia.com\/engenharia\/empreendimento-viw-residence\/\">Blog da Engenharia<\/a>. \u201cO conceito adotado pelos arquitetos no&nbsp;VIW Residence&nbsp;\u00e9 um exemplo de como a natureza pode inspirar a cria\u00e7\u00e3o de projetos inovadores e diferenciados. O resultado \u00e9 um empreendimento que se destaca pela sua originalidade e que contribui para a valoriza\u00e7\u00e3o da arquitetura e engenharia brasileiras.\u201d<\/p>\n\n\n\n<p>A viraliza\u00e7\u00e3o do Viw Residence nas redes sociais reafirma a nossa cren\u00e7a de que \u00e9 poss\u00edvel aliar conforto e sustentabilidade de forma harmoniosa, e nos motiva a seguir com a miss\u00e3o de construir um legado positivo para as pr\u00f3ximas gera\u00e7\u00f5es. Inclusive, em breve ser\u00e1 lan\u00e7ado um <a href=\"https:\/\/atmosfera.com\/lancamento\/\">novo empreendimento da Atmosfera<\/a>, com a mesma tecnologia usada no VIW, mas agora com uma piscina de 25 metros, de frente para o mar do Itagu\u00e1.<\/p>\n\n\n\n<p>A Atmosfera Construtora e Incorporadora agradece o apoio e interesse demonstrado pelo p\u00fablico e pela m\u00eddia e reitera seu compromisso em continuar a desenvolver projetos que inspiram, inovam e geram impacto positivo na comunidade e no meio ambiente.<\/p>\n\n\n\n<p>Leia abaixo algumas das mat\u00e9rias publicadas sobre o VIW:<\/p>\n\n\n\n<p><a href=\"https:\/\/g1.globo.com\/sp\/vale-do-paraiba-regiao\/verao-2024\/noticia\/2024\/01\/31\/inspiracao-em-hotel-nas-bahamas-e-desafio-de-engenharia-como-foi-projetado-apartamento-de-luxo-com-piscina-na-sacada-em-ubatuba.ghtml\">https:\/\/g1.globo.com\/sp\/vale-do-paraiba-regiao\/verao-2024\/noticia\/2024\/01\/31\/inspiracao-em-hotel-nas-bahamas-e-desafio-de-engenharia-como-foi-projetado-apartamento-de-luxo-com-piscina-na-sacada-em-ubatuba.ghtml<\/a><\/p>\n\n\n\n<p><a href=\"https:\/\/g1.globo.com\/sp\/vale-do-paraiba-regiao\/noticia\/2024\/02\/01\/apartamento-de-luxo-com-piscina-na-sacada-em-ubatuba-veja-como-o-imovel-e-por-dentro.ghtml\">https:\/\/g1.globo.com\/sp\/vale-do-paraiba-regiao\/noticia\/2024\/02\/01\/apartamento-de-luxo-com-piscina-na-sacada-em-ubatuba-veja-como-o-imovel-e-por-dentro.ghtml<\/a><\/p>\n\n\n\n<p><a href=\"https:\/\/g1.globo.com\/sp\/vale-do-paraiba-regiao\/verao-2024\/noticia\/2024\/01\/31\/e-de-verdade-sacada-de-piscina-em-apartamento-de-luxo-confunde-turistas-em-ubatuba-sp-e-viraliza.ghtml\">https:\/\/g1.globo.com\/sp\/vale-do-paraiba-regiao\/verao-2024\/noticia\/2024\/01\/31\/e-de-verdade-sacada-de-piscina-em-apartamento-de-luxo-confunde-turistas-em-ubatuba-sp-e-viraliza.ghtml<\/a><\/p>\n\n\n\n<p><a href=\"https:\/\/www.terra.com.br\/noticias\/brasil\/cidades\/sacada-com-piscina-em-apartamento-de-luxo-chama-atencao-de-turistas-e-viraliza-nas-redes-sociais,6da83c3f4db68e0f3b2acad64032262bdrvrjiji.html\">https:\/\/www.terra.com.br\/noticias\/brasil\/cidades\/sacada-com-piscina-em-apartamento-de-luxo-chama-atencao-de-turistas-e-viraliza-nas-redes-sociais,6da83c3f4db68e0f3b2acad64032262bdrvrjiji.html<\/a><\/p>\n\n\n\n<p><a href=\"https:\/\/www.instagram.com\/reel\/C2xN5-ZuB1X\/?igsh=bnQ1cDNtdGh2ODc5\">https:\/\/www.instagram.com\/reel\/C2xN5-ZuB1X\/?igsh=bnQ1cDNtdGh2ODc5<\/a><\/p>\n","protected":false},"excerpt":{"rendered":"","protected":false},"author":4,"featured_media":1723,"comment_status":"closed","ping_status":"open","sticky":false,"template":"","format":"standard","meta":{"footnotes":""},"categories":[1],"tags":[193,58,88,195,194,69,50,192,191,25,23],"powerkit_post_featured":[],"class_list":{"0":"post-1712","1":"post","2":"type-post","3":"status-publish","4":"format-standard","5":"has-post-thumbnail","7":"category-diversos","8":"tag-apartamentoemubatuba","9":"tag-arquitetura","10":"tag-construcao-civil","11":"tag-engenharia","12":"tag-imovelemubatuba","13":"tag-investir-em-ubatuba","14":"tag-morar-na-praia","15":"tag-piscinasprivativas","16":"tag-piscinavaranda","17":"tag-praia-grande","18":"tag-ubatuba"},"yoast_head":"<!-- This site is optimized with the Yoast SEO plugin v20.5 - https:\/\/yoast.com\/wordpress\/plugins\/seo\/ -->\n<title>VIW Residence chama aten\u00e7\u00e3o de turistas e viraliza nas redes sociais - Blog - Atmosfera Incorporadora<\/title>\n<meta name=\"description\" content=\"Nesta semana, o VIW Residence, empreendimento localizado na Praia Grande, em Ubatuba, capturou a aten\u00e7\u00e3o do p\u00fablico e se tornou um fen\u00f4meno nas redes sociais. Um v\u00eddeo postado por um turista, questionando se todos os apartamentos do empreendimento realmente possuem piscinas na varanda ou se o efeito visual era apenas luz neon, viralizou, alcan\u00e7ando mais de 3 milh\u00f5es de visualiza\u00e7\u00f5es em poucos dias.\" \/>\n<meta name=\"robots\" content=\"index, follow, max-snippet:-1, max-image-preview:large, max-video-preview:-1\" \/>\n<link rel=\"canonical\" href=\"https:\/\/atmosfera.com\/blog\/viw-residence-chama-atencao-de-turistas-e-viraliza-nas-redes-sociais\/\" \/>\n<meta property=\"og:locale\" content=\"pt_BR\" \/>\n<meta property=\"og:type\" content=\"article\" \/>\n<meta property=\"og:title\" content=\"VIW Residence chama aten\u00e7\u00e3o de turistas e viraliza nas redes sociais - Blog - Atmosfera Incorporadora\" \/>\n<meta property=\"og:description\" content=\"Nesta semana, o VIW Residence, empreendimento localizado na Praia Grande, em Ubatuba, capturou a aten\u00e7\u00e3o do p\u00fablico e se tornou um fen\u00f4meno nas redes sociais. Um v\u00eddeo postado por um turista, questionando se todos os apartamentos do empreendimento realmente possuem piscinas na varanda ou se o efeito visual era apenas luz neon, viralizou, alcan\u00e7ando mais de 3 milh\u00f5es de visualiza\u00e7\u00f5es em poucos dias.\" \/>\n<meta property=\"og:url\" content=\"https:\/\/atmosfera.com\/blog\/viw-residence-chama-atencao-de-turistas-e-viraliza-nas-redes-sociais\/\" \/>\n<meta property=\"og:site_name\" content=\"Blog - Atmosfera Incorporadora\" \/>\n<meta property=\"article:publisher\" content=\"https:\/\/www.facebook.com\/atmosferaubatuba\/\" \/>\n<meta property=\"article:published_time\" content=\"2024-01-31T20:56:12+00:00\" \/>\n<meta property=\"article:modified_time\" content=\"2024-02-06T12:17:10+00:00\" \/>\n<meta property=\"og:image\" content=\"https:\/\/atmosfera.com\/blog\/wp-content\/uploads\/2024\/01\/Design-sem-nome-8.jpg\" \/>\n\t<meta property=\"og:image:width\" content=\"1000\" \/>\n\t<meta property=\"og:image:height\" content=\"720\" \/>\n\t<meta property=\"og:image:type\" content=\"image\/jpeg\" \/>\n<meta name=\"author\" content=\"Atmosfera\" \/>\n<meta name=\"twitter:card\" content=\"summary_large_image\" \/>\n<meta name=\"twitter:label1\" content=\"Escrito por\" \/>\n\t<meta name=\"twitter:data1\" content=\"Atmosfera\" \/>\n\t<meta name=\"twitter:label2\" content=\"Est. tempo de leitura\" \/>\n\t<meta name=\"twitter:data2\" content=\"4 minutos\" \/>\n<script type=\"application\/ld+json\" class=\"yoast-schema-graph\">{\"@context\":\"https:\/\/schema.org\",\"@graph\":[{\"@type\":\"WebPage\",\"@id\":\"https:\/\/atmosfera.com\/blog\/viw-residence-chama-atencao-de-turistas-e-viraliza-nas-redes-sociais\/\",\"url\":\"https:\/\/atmosfera.com\/blog\/viw-residence-chama-atencao-de-turistas-e-viraliza-nas-redes-sociais\/\",\"name\":\"VIW Residence chama aten\u00e7\u00e3o de turistas e viraliza nas redes sociais - Blog - Atmosfera Incorporadora\",\"isPartOf\":{\"@id\":\"https:\/\/atmosfera.com\/blog\/#website\"},\"datePublished\":\"2024-01-31T20:56:12+00:00\",\"dateModified\":\"2024-02-06T12:17:10+00:00\",\"author\":{\"@id\":\"https:\/\/atmosfera.com\/blog\/#\/schema\/person\/c1036cc4bdc6d260ead3df2bb419b3bb\"},\"description\":\"Nesta semana, o VIW Residence, empreendimento localizado na Praia Grande, em Ubatuba, capturou a aten\u00e7\u00e3o do p\u00fablico e se tornou um fen\u00f4meno nas redes sociais. Um v\u00eddeo postado por um turista, questionando se todos os apartamentos do empreendimento realmente possuem piscinas na varanda ou se o efeito visual era apenas luz neon, viralizou, alcan\u00e7ando mais de 3 milh\u00f5es de visualiza\u00e7\u00f5es em poucos dias.\",\"breadcrumb\":{\"@id\":\"https:\/\/atmosfera.com\/blog\/viw-residence-chama-atencao-de-turistas-e-viraliza-nas-redes-sociais\/#breadcrumb\"},\"inLanguage\":\"pt-BR\",\"potentialAction\":[{\"@type\":\"ReadAction\",\"target\":[\"https:\/\/atmosfera.com\/blog\/viw-residence-chama-atencao-de-turistas-e-viraliza-nas-redes-sociais\/\"]}]},{\"@type\":\"BreadcrumbList\",\"@id\":\"https:\/\/atmosfera.com\/blog\/viw-residence-chama-atencao-de-turistas-e-viraliza-nas-redes-sociais\/#breadcrumb\",\"itemListElement\":[{\"@type\":\"ListItem\",\"position\":1,\"name\":\"In\u00edcio\",\"item\":\"https:\/\/atmosfera.com\/blog\/\"},{\"@type\":\"ListItem\",\"position\":2,\"name\":\"VIW Residence chama aten\u00e7\u00e3o de turistas e viraliza nas redes sociais\"}]},{\"@type\":\"WebSite\",\"@id\":\"https:\/\/atmosfera.com\/blog\/#website\",\"url\":\"https:\/\/atmosfera.com\/blog\/\",\"name\":\"Blog - Atmosfera Incorporadora\",\"description\":\"Tend\u00eancias de decora\u00e7\u00e3o, informa\u00e7\u00f5es sobre o mercado imobili\u00e1rio, inova\u00e7\u00e3o e muito mais\",\"potentialAction\":[{\"@type\":\"SearchAction\",\"target\":{\"@type\":\"EntryPoint\",\"urlTemplate\":\"https:\/\/atmosfera.com\/blog\/?s={search_term_string}\"},\"query-input\":\"required name=search_term_string\"}],\"inLanguage\":\"pt-BR\"},{\"@type\":\"Person\",\"@id\":\"https:\/\/atmosfera.com\/blog\/#\/schema\/person\/c1036cc4bdc6d260ead3df2bb419b3bb\",\"name\":\"Atmosfera\",\"image\":{\"@type\":\"ImageObject\",\"inLanguage\":\"pt-BR\",\"@id\":\"https:\/\/atmosfera.com\/blog\/#\/schema\/person\/image\/\",\"url\":\"https:\/\/secure.gravatar.com\/avatar\/14ab1ee3f886dcc93924f92ba486a73c8e9d914dc4cc70fc48ce97777ca02947?s=96&d=mm&r=g\",\"contentUrl\":\"https:\/\/secure.gravatar.com\/avatar\/14ab1ee3f886dcc93924f92ba486a73c8e9d914dc4cc70fc48ce97777ca02947?s=96&d=mm&r=g\",\"caption\":\"Atmosfera\"}}]}<\/script>\n<!-- \/ Yoast SEO plugin. -->","yoast_head_json":{"title":"VIW Residence chama aten\u00e7\u00e3o de turistas e viraliza nas redes sociais - Blog - Atmosfera Incorporadora","description":"Nesta semana, o VIW Residence, empreendimento localizado na Praia Grande, em Ubatuba, capturou a aten\u00e7\u00e3o do p\u00fablico e se tornou um fen\u00f4meno nas redes sociais. Um v\u00eddeo postado por um turista, questionando se todos os apartamentos do empreendimento realmente possuem piscinas na varanda ou se o efeito visual era apenas luz neon, viralizou, alcan\u00e7ando mais de 3 milh\u00f5es de visualiza\u00e7\u00f5es em poucos dias.","robots":{"index":"index","follow":"follow","max-snippet":"max-snippet:-1","max-image-preview":"max-image-preview:large","max-video-preview":"max-video-preview:-1"},"canonical":"https:\/\/atmosfera.com\/blog\/viw-residence-chama-atencao-de-turistas-e-viraliza-nas-redes-sociais\/","og_locale":"pt_BR","og_type":"article","og_title":"VIW Residence chama aten\u00e7\u00e3o de turistas e viraliza nas redes sociais - Blog - Atmosfera Incorporadora","og_description":"Nesta semana, o VIW Residence, empreendimento localizado na Praia Grande, em Ubatuba, capturou a aten\u00e7\u00e3o do p\u00fablico e se tornou um fen\u00f4meno nas redes sociais. Um v\u00eddeo postado por um turista, questionando se todos os apartamentos do empreendimento realmente possuem piscinas na varanda ou se o efeito visual era apenas luz neon, viralizou, alcan\u00e7ando mais de 3 milh\u00f5es de visualiza\u00e7\u00f5es em poucos dias.","og_url":"https:\/\/atmosfera.com\/blog\/viw-residence-chama-atencao-de-turistas-e-viraliza-nas-redes-sociais\/","og_site_name":"Blog - Atmosfera Incorporadora","article_publisher":"https:\/\/www.facebook.com\/atmosferaubatuba\/","article_published_time":"2024-01-31T20:56:12+00:00","article_modified_time":"2024-02-06T12:17:10+00:00","og_image":[{"width":1000,"height":720,"url":"https:\/\/atmosfera.com\/blog\/wp-content\/uploads\/2024\/01\/Design-sem-nome-8.jpg","type":"image\/jpeg"}],"author":"Atmosfera","twitter_card":"summary_large_image","twitter_misc":{"Escrito por":"Atmosfera","Est. tempo de leitura":"4 minutos"},"schema":{"@context":"https:\/\/schema.org","@graph":[{"@type":"WebPage","@id":"https:\/\/atmosfera.com\/blog\/viw-residence-chama-atencao-de-turistas-e-viraliza-nas-redes-sociais\/","url":"https:\/\/atmosfera.com\/blog\/viw-residence-chama-atencao-de-turistas-e-viraliza-nas-redes-sociais\/","name":"VIW Residence chama aten\u00e7\u00e3o de turistas e viraliza nas redes sociais - Blog - Atmosfera Incorporadora","isPartOf":{"@id":"https:\/\/atmosfera.com\/blog\/#website"},"datePublished":"2024-01-31T20:56:12+00:00","dateModified":"2024-02-06T12:17:10+00:00","author":{"@id":"https:\/\/atmosfera.com\/blog\/#\/schema\/person\/c1036cc4bdc6d260ead3df2bb419b3bb"},"description":"Nesta semana, o VIW Residence, empreendimento localizado na Praia Grande, em Ubatuba, capturou a aten\u00e7\u00e3o do p\u00fablico e se tornou um fen\u00f4meno nas redes sociais. Um v\u00eddeo postado por um turista, questionando se todos os apartamentos do empreendimento realmente possuem piscinas na varanda ou se o efeito visual era apenas luz neon, viralizou, alcan\u00e7ando mais de 3 milh\u00f5es de visualiza\u00e7\u00f5es em poucos dias.","breadcrumb":{"@id":"https:\/\/atmosfera.com\/blog\/viw-residence-chama-atencao-de-turistas-e-viraliza-nas-redes-sociais\/#breadcrumb"},"inLanguage":"pt-BR","potentialAction":[{"@type":"ReadAction","target":["https:\/\/atmosfera.com\/blog\/viw-residence-chama-atencao-de-turistas-e-viraliza-nas-redes-sociais\/"]}]},{"@type":"BreadcrumbList","@id":"https:\/\/atmosfera.com\/blog\/viw-residence-chama-atencao-de-turistas-e-viraliza-nas-redes-sociais\/#breadcrumb","itemListElement":[{"@type":"ListItem","position":1,"name":"In\u00edcio","item":"https:\/\/atmosfera.com\/blog\/"},{"@type":"ListItem","position":2,"name":"VIW Residence chama aten\u00e7\u00e3o de turistas e viraliza nas redes sociais"}]},{"@type":"WebSite","@id":"https:\/\/atmosfera.com\/blog\/#website","url":"https:\/\/atmosfera.com\/blog\/","name":"Blog - Atmosfera Incorporadora","description":"Tend\u00eancias de decora\u00e7\u00e3o, informa\u00e7\u00f5es sobre o mercado imobili\u00e1rio, inova\u00e7\u00e3o e muito mais","potentialAction":[{"@type":"SearchAction","target":{"@type":"EntryPoint","urlTemplate":"https:\/\/atmosfera.com\/blog\/?s={search_term_string}"},"query-input":"required name=search_term_string"}],"inLanguage":"pt-BR"},{"@type":"Person","@id":"https:\/\/atmosfera.com\/blog\/#\/schema\/person\/c1036cc4bdc6d260ead3df2bb419b3bb","name":"Atmosfera","image":{"@type":"ImageObject","inLanguage":"pt-BR","@id":"https:\/\/atmosfera.com\/blog\/#\/schema\/person\/image\/","url":"https:\/\/secure.gravatar.com\/avatar\/14ab1ee3f886dcc93924f92ba486a73c8e9d914dc4cc70fc48ce97777ca02947?s=96&d=mm&r=g","contentUrl":"https:\/\/secure.gravatar.com\/avatar\/14ab1ee3f886dcc93924f92ba486a73c8e9d914dc4cc70fc48ce97777ca02947?s=96&d=mm&r=g","caption":"Atmosfera"}}]}},"_links":{"self":[{"href":"https:\/\/atmosfera.com\/blog\/wp-json\/wp\/v2\/posts\/1712","targetHints":{"allow":["GET"]}}],"collection":[{"href":"https:\/\/atmosfera.com\/blog\/wp-json\/wp\/v2\/posts"}],"about":[{"href":"https:\/\/atmosfera.com\/blog\/wp-json\/wp\/v2\/types\/post"}],"author":[{"embeddable":true,"href":"https:\/\/atmosfera.com\/blog\/wp-json\/wp\/v2\/users\/4"}],"replies":[{"embeddable":true,"href":"https:\/\/atmosfera.com\/blog\/wp-json\/wp\/v2\/comments?post=1712"}],"version-history":[{"count":4,"href":"https:\/\/atmosfera.com\/blog\/wp-json\/wp\/v2\/posts\/1712\/revisions"}],"predecessor-version":[{"id":1718,"href":"https:\/\/atmosfera.com\/blog\/wp-json\/wp\/v2\/posts\/1712\/revisions\/1718"}],"wp:featuredmedia":[{"embeddable":true,"href":"https:\/\/atmosfera.com\/blog\/wp-json\/wp\/v2\/media\/1723"}],"wp:attachment":[{"href":"https:\/\/atmosfera.com\/blog\/wp-json\/wp\/v2\/media?parent=1712"}],"wp:term":[{"taxonomy":"category","embeddable":true,"href":"https:\/\/atmosfera.com\/blog\/wp-json\/wp\/v2\/categories?post=1712"},{"taxonomy":"post_tag","embeddable":true,"href":"https:\/\/atmosfera.com\/blog\/wp-json\/wp\/v2\/tags?post=1712"},{"taxonomy":"powerkit_post_featured","embeddable":true,"href":"https:\/\/atmosfera.com\/blog\/wp-json\/wp\/v2\/powerkit_post_featured?post=1712"}],"curies":[{"name":"wp","href":"https:\/\/api.w.org\/{rel}","templated":true}]}}