{"id":1695,"date":"2023-12-26T15:14:27","date_gmt":"2023-12-26T18:14:27","guid":{"rendered":"https:\/\/atmosfera.com\/blog\/?p=1695"},"modified":"2024-01-12T10:58:20","modified_gmt":"2024-01-12T13:58:20","slug":"atmosfera-constroi-primeira-laje-protendida-de-ubatuba","status":"publish","type":"post","link":"https:\/\/atmosfera.com\/blog\/atmosfera-constroi-primeira-laje-protendida-de-ubatuba\/","title":{"rendered":"Atmosfera inova com constru\u00e7\u00e3o de laje protendida no L500"},"content":{"rendered":"\n<h4 id=\"a-tecnica-usada-em-pontes-e-viadutos-utiliza-cabos-de-aco-tracionados-para-maior-resistencia-e-durabilidade\" class=\"wp-block-heading\">A t\u00e9cnica, usada em pontes e viadutos, utiliza cabos de a\u00e7o tracionados para maior resist\u00eancia e durabilidade<\/h4>\n\n\n\n<p>Visando oferecer conforto, seguran\u00e7a e sofistica\u00e7\u00e3o ao cliente, a <a href=\"http:\/\/www.atmosfera.com\">Atmosfera Incorporadora<\/a> est\u00e1 novamente na vanguarda da constru\u00e7\u00e3o civil do Litoral Norte paulista. Desta vez, o destaque \u00e9 a constru\u00e7\u00e3o da primeira laje protendida de Ubatuba, que est\u00e1 em execu\u00e7\u00e3o no <a href=\"https:\/\/atmosfera.com\/l500\/\">Edif\u00edcio Resid\u00eancias L500<\/a>, na orla da Praia do Itagu\u00e1.<\/p>\n\n\n\n<h4 id=\"o-que-e\" class=\"wp-block-heading\">O que \u00e9:<\/h4>\n\n\n\n<p>A laje protendida \u00e9 uma t\u00e9cnica construtiva que utiliza cabos de a\u00e7o tracionados para conferir maior resist\u00eancia e durabilidade \u00e0 estrutura. Sua principal fun\u00e7\u00e3o \u00e9 aumentar a resist\u00eancia do concreto, permitindo o seu uso em espa\u00e7os com grandes v\u00e3os, o que oferece maior aproveitamento de \u00e1rea \u00fatil.<\/p>\n\n\n\n<p>No Resid\u00eancias L500, o uso da laje protendida vem ao encontro do projeto arquitet\u00f4nico das amplas plantas das unidades, que oferecem ao propriet\u00e1rio variadas possibilidades de personaliza\u00e7\u00e3o, conferindo maior resist\u00eancia, conforto, sofistica\u00e7\u00e3o al\u00e9m de durabilidade da estrutura do empreendimento.<\/p>\n\n\n\n<h4 id=\"sustentavel\" class=\"wp-block-heading\">Sustent\u00e1vel<\/h4>\n\n\n\n<p>No caso da Atmosfera, a escolha da laje protendida demonstra um compromisso n\u00e3o apenas com a inova\u00e7\u00e3o, mas tamb\u00e9m com a sustentabilidade.<\/p>\n\n\n\n<p>A protens\u00e3o permite a utiliza\u00e7\u00e3o de materiais com menor resist\u00eancia, reduzindo a quantidade de concreto necess\u00e1rio para alcan\u00e7ar a mesma capacidade de carga de lajes convencionais. Isso pode levar a uma redu\u00e7\u00e3o no consumo de recursos naturais.<\/p>\n\n\n\n<p>A capacidade de carga aprimorada da laje protendida permite a utiliza\u00e7\u00e3o de lajes mais finas em compara\u00e7\u00e3o com sistemas convencionais, o que pode resultar em uma redu\u00e7\u00e3o adicional no consumo de materiais. Al\u00e9m disso, a resist\u00eancia adicional proporcionada pela laje protendida implica em menor necessidade de manuten\u00e7\u00e3o e reparos, o que se traduz em economia a longo prazo para os propriet\u00e1rios e redu\u00e7\u00e3o de res\u00edduos para o meio ambiente.<\/p>\n\n\n\n<p>Ao incorporar a protens\u00e3o no L500, a Atmosfera n\u00e3o apenas otimiza o espa\u00e7o, criando ambientes mais amplos e vers\u00e1teis, como tamb\u00e9m promove o uso eficiente de materiais, a longevidade estrutural e refor\u00e7a sua dedica\u00e7\u00e3o \u00e0 sustentabilidade.<\/p>\n","protected":false},"excerpt":{"rendered":"","protected":false},"author":4,"featured_media":1709,"comment_status":"closed","ping_status":"open","sticky":false,"template":"","format":"standard","meta":{"footnotes":""},"categories":[18,161,17,19,20],"tags":[88,189,190,97,93,23],"powerkit_post_featured":[],"class_list":{"0":"post-1695","1":"post","2":"type-post","3":"status-publish","4":"format-standard","5":"has-post-thumbnail","7":"category-economia","8":"category-engenharia","9":"category-inovacao","10":"category-meio-ambiente","11":"category-sustentabilidade","12":"tag-construcao-civil","13":"tag-inovacao","14":"tag-laje-protendida","15":"tag-meio-ambiente","16":"tag-sustentabilidade","17":"tag-ubatuba"},"yoast_head":"<!-- This site is optimized with the Yoast SEO plugin v20.5 - https:\/\/yoast.com\/wordpress\/plugins\/seo\/ -->\n<title>Atmosfera inova com constru\u00e7\u00e3o de laje protendida no L500 - Blog - Atmosfera Incorporadora<\/title>\n<meta name=\"description\" content=\"Visando oferecer conforto, seguran\u00e7a e sofistica\u00e7\u00e3o ao cliente, a Atmosfera Incorporadora est\u00e1 novamente na vanguarda da constru\u00e7\u00e3o civil do Litoral Norte paulista. Desta vez, o destaque \u00e9 a constru\u00e7\u00e3o da primeira laje protendida de Ubatuba, que est\u00e1 em execu\u00e7\u00e3o no Edif\u00edcio Resid\u00eancias L500, na orla da Praia do Itagu\u00e1.\" \/>\n<meta name=\"robots\" content=\"index, follow, max-snippet:-1, max-image-preview:large, max-video-preview:-1\" \/>\n<link rel=\"canonical\" href=\"https:\/\/atmosfera.com\/blog\/atmosfera-constroi-primeira-laje-protendida-de-ubatuba\/\" \/>\n<meta property=\"og:locale\" content=\"pt_BR\" \/>\n<meta property=\"og:type\" content=\"article\" \/>\n<meta property=\"og:title\" content=\"Atmosfera inova com constru\u00e7\u00e3o de laje protendida no L500 - Blog - Atmosfera Incorporadora\" \/>\n<meta property=\"og:description\" content=\"Visando oferecer conforto, seguran\u00e7a e sofistica\u00e7\u00e3o ao cliente, a Atmosfera Incorporadora est\u00e1 novamente na vanguarda da constru\u00e7\u00e3o civil do Litoral Norte paulista. Desta vez, o destaque \u00e9 a constru\u00e7\u00e3o da primeira laje protendida de Ubatuba, que est\u00e1 em execu\u00e7\u00e3o no Edif\u00edcio Resid\u00eancias L500, na orla da Praia do Itagu\u00e1.\" \/>\n<meta property=\"og:url\" content=\"https:\/\/atmosfera.com\/blog\/atmosfera-constroi-primeira-laje-protendida-de-ubatuba\/\" \/>\n<meta property=\"og:site_name\" content=\"Blog - Atmosfera Incorporadora\" \/>\n<meta property=\"article:publisher\" content=\"https:\/\/www.facebook.com\/atmosferaubatuba\/\" \/>\n<meta property=\"article:published_time\" content=\"2023-12-26T18:14:27+00:00\" \/>\n<meta property=\"article:modified_time\" content=\"2024-01-12T13:58:20+00:00\" \/>\n<meta property=\"og:image\" content=\"https:\/\/atmosfera.com\/blog\/wp-content\/uploads\/2023\/12\/Design-sem-nome-1-1.jpg\" \/>\n\t<meta property=\"og:image:width\" content=\"1000\" \/>\n\t<meta property=\"og:image:height\" content=\"720\" \/>\n\t<meta property=\"og:image:type\" content=\"image\/jpeg\" \/>\n<meta name=\"author\" content=\"Atmosfera\" \/>\n<meta name=\"twitter:card\" content=\"summary_large_image\" \/>\n<meta name=\"twitter:label1\" content=\"Escrito por\" \/>\n\t<meta name=\"twitter:data1\" content=\"Atmosfera\" \/>\n\t<meta name=\"twitter:label2\" content=\"Est. tempo de leitura\" \/>\n\t<meta name=\"twitter:data2\" content=\"2 minutos\" \/>\n<script type=\"application\/ld+json\" class=\"yoast-schema-graph\">{\"@context\":\"https:\/\/schema.org\",\"@graph\":[{\"@type\":\"WebPage\",\"@id\":\"https:\/\/atmosfera.com\/blog\/atmosfera-constroi-primeira-laje-protendida-de-ubatuba\/\",\"url\":\"https:\/\/atmosfera.com\/blog\/atmosfera-constroi-primeira-laje-protendida-de-ubatuba\/\",\"name\":\"Atmosfera inova com constru\u00e7\u00e3o de laje protendida no L500 - Blog - Atmosfera Incorporadora\",\"isPartOf\":{\"@id\":\"https:\/\/atmosfera.com\/blog\/#website\"},\"datePublished\":\"2023-12-26T18:14:27+00:00\",\"dateModified\":\"2024-01-12T13:58:20+00:00\",\"author\":{\"@id\":\"https:\/\/atmosfera.com\/blog\/#\/schema\/person\/c1036cc4bdc6d260ead3df2bb419b3bb\"},\"description\":\"Visando oferecer conforto, seguran\u00e7a e sofistica\u00e7\u00e3o ao cliente, a Atmosfera Incorporadora est\u00e1 novamente na vanguarda da constru\u00e7\u00e3o civil do Litoral Norte paulista. Desta vez, o destaque \u00e9 a constru\u00e7\u00e3o da primeira laje protendida de Ubatuba, que est\u00e1 em execu\u00e7\u00e3o no Edif\u00edcio Resid\u00eancias L500, na orla da Praia do Itagu\u00e1.\",\"breadcrumb\":{\"@id\":\"https:\/\/atmosfera.com\/blog\/atmosfera-constroi-primeira-laje-protendida-de-ubatuba\/#breadcrumb\"},\"inLanguage\":\"pt-BR\",\"potentialAction\":[{\"@type\":\"ReadAction\",\"target\":[\"https:\/\/atmosfera.com\/blog\/atmosfera-constroi-primeira-laje-protendida-de-ubatuba\/\"]}]},{\"@type\":\"BreadcrumbList\",\"@id\":\"https:\/\/atmosfera.com\/blog\/atmosfera-constroi-primeira-laje-protendida-de-ubatuba\/#breadcrumb\",\"itemListElement\":[{\"@type\":\"ListItem\",\"position\":1,\"name\":\"In\u00edcio\",\"item\":\"https:\/\/atmosfera.com\/blog\/\"},{\"@type\":\"ListItem\",\"position\":2,\"name\":\"Atmosfera inova com constru\u00e7\u00e3o de laje protendida no L500\"}]},{\"@type\":\"WebSite\",\"@id\":\"https:\/\/atmosfera.com\/blog\/#website\",\"url\":\"https:\/\/atmosfera.com\/blog\/\",\"name\":\"Blog - Atmosfera Incorporadora\",\"description\":\"Tend\u00eancias de decora\u00e7\u00e3o, informa\u00e7\u00f5es sobre o mercado imobili\u00e1rio, inova\u00e7\u00e3o e muito mais\",\"potentialAction\":[{\"@type\":\"SearchAction\",\"target\":{\"@type\":\"EntryPoint\",\"urlTemplate\":\"https:\/\/atmosfera.com\/blog\/?s={search_term_string}\"},\"query-input\":\"required name=search_term_string\"}],\"inLanguage\":\"pt-BR\"},{\"@type\":\"Person\",\"@id\":\"https:\/\/atmosfera.com\/blog\/#\/schema\/person\/c1036cc4bdc6d260ead3df2bb419b3bb\",\"name\":\"Atmosfera\",\"image\":{\"@type\":\"ImageObject\",\"inLanguage\":\"pt-BR\",\"@id\":\"https:\/\/atmosfera.com\/blog\/#\/schema\/person\/image\/\",\"url\":\"https:\/\/secure.gravatar.com\/avatar\/14ab1ee3f886dcc93924f92ba486a73c8e9d914dc4cc70fc48ce97777ca02947?s=96&d=mm&r=g\",\"contentUrl\":\"https:\/\/secure.gravatar.com\/avatar\/14ab1ee3f886dcc93924f92ba486a73c8e9d914dc4cc70fc48ce97777ca02947?s=96&d=mm&r=g\",\"caption\":\"Atmosfera\"}}]}<\/script>\n<!-- \/ Yoast SEO plugin. -->","yoast_head_json":{"title":"Atmosfera inova com constru\u00e7\u00e3o de laje protendida no L500 - Blog - Atmosfera Incorporadora","description":"Visando oferecer conforto, seguran\u00e7a e sofistica\u00e7\u00e3o ao cliente, a Atmosfera Incorporadora est\u00e1 novamente na vanguarda da constru\u00e7\u00e3o civil do Litoral Norte paulista. Desta vez, o destaque \u00e9 a constru\u00e7\u00e3o da primeira laje protendida de Ubatuba, que est\u00e1 em execu\u00e7\u00e3o no Edif\u00edcio Resid\u00eancias L500, na orla da Praia do Itagu\u00e1.","robots":{"index":"index","follow":"follow","max-snippet":"max-snippet:-1","max-image-preview":"max-image-preview:large","max-video-preview":"max-video-preview:-1"},"canonical":"https:\/\/atmosfera.com\/blog\/atmosfera-constroi-primeira-laje-protendida-de-ubatuba\/","og_locale":"pt_BR","og_type":"article","og_title":"Atmosfera inova com constru\u00e7\u00e3o de laje protendida no L500 - Blog - Atmosfera Incorporadora","og_description":"Visando oferecer conforto, seguran\u00e7a e sofistica\u00e7\u00e3o ao cliente, a Atmosfera Incorporadora est\u00e1 novamente na vanguarda da constru\u00e7\u00e3o civil do Litoral Norte paulista. Desta vez, o destaque \u00e9 a constru\u00e7\u00e3o da primeira laje protendida de Ubatuba, que est\u00e1 em execu\u00e7\u00e3o no Edif\u00edcio Resid\u00eancias L500, na orla da Praia do Itagu\u00e1.","og_url":"https:\/\/atmosfera.com\/blog\/atmosfera-constroi-primeira-laje-protendida-de-ubatuba\/","og_site_name":"Blog - Atmosfera Incorporadora","article_publisher":"https:\/\/www.facebook.com\/atmosferaubatuba\/","article_published_time":"2023-12-26T18:14:27+00:00","article_modified_time":"2024-01-12T13:58:20+00:00","og_image":[{"width":1000,"height":720,"url":"https:\/\/atmosfera.com\/blog\/wp-content\/uploads\/2023\/12\/Design-sem-nome-1-1.jpg","type":"image\/jpeg"}],"author":"Atmosfera","twitter_card":"summary_large_image","twitter_misc":{"Escrito por":"Atmosfera","Est. tempo de leitura":"2 minutos"},"schema":{"@context":"https:\/\/schema.org","@graph":[{"@type":"WebPage","@id":"https:\/\/atmosfera.com\/blog\/atmosfera-constroi-primeira-laje-protendida-de-ubatuba\/","url":"https:\/\/atmosfera.com\/blog\/atmosfera-constroi-primeira-laje-protendida-de-ubatuba\/","name":"Atmosfera inova com constru\u00e7\u00e3o de laje protendida no L500 - Blog - Atmosfera Incorporadora","isPartOf":{"@id":"https:\/\/atmosfera.com\/blog\/#website"},"datePublished":"2023-12-26T18:14:27+00:00","dateModified":"2024-01-12T13:58:20+00:00","author":{"@id":"https:\/\/atmosfera.com\/blog\/#\/schema\/person\/c1036cc4bdc6d260ead3df2bb419b3bb"},"description":"Visando oferecer conforto, seguran\u00e7a e sofistica\u00e7\u00e3o ao cliente, a Atmosfera Incorporadora est\u00e1 novamente na vanguarda da constru\u00e7\u00e3o civil do Litoral Norte paulista. Desta vez, o destaque \u00e9 a constru\u00e7\u00e3o da primeira laje protendida de Ubatuba, que est\u00e1 em execu\u00e7\u00e3o no Edif\u00edcio Resid\u00eancias L500, na orla da Praia do Itagu\u00e1.","breadcrumb":{"@id":"https:\/\/atmosfera.com\/blog\/atmosfera-constroi-primeira-laje-protendida-de-ubatuba\/#breadcrumb"},"inLanguage":"pt-BR","potentialAction":[{"@type":"ReadAction","target":["https:\/\/atmosfera.com\/blog\/atmosfera-constroi-primeira-laje-protendida-de-ubatuba\/"]}]},{"@type":"BreadcrumbList","@id":"https:\/\/atmosfera.com\/blog\/atmosfera-constroi-primeira-laje-protendida-de-ubatuba\/#breadcrumb","itemListElement":[{"@type":"ListItem","position":1,"name":"In\u00edcio","item":"https:\/\/atmosfera.com\/blog\/"},{"@type":"ListItem","position":2,"name":"Atmosfera inova com constru\u00e7\u00e3o de laje protendida no L500"}]},{"@type":"WebSite","@id":"https:\/\/atmosfera.com\/blog\/#website","url":"https:\/\/atmosfera.com\/blog\/","name":"Blog - Atmosfera Incorporadora","description":"Tend\u00eancias de decora\u00e7\u00e3o, informa\u00e7\u00f5es sobre o mercado imobili\u00e1rio, inova\u00e7\u00e3o e muito mais","potentialAction":[{"@type":"SearchAction","target":{"@type":"EntryPoint","urlTemplate":"https:\/\/atmosfera.com\/blog\/?s={search_term_string}"},"query-input":"required name=search_term_string"}],"inLanguage":"pt-BR"},{"@type":"Person","@id":"https:\/\/atmosfera.com\/blog\/#\/schema\/person\/c1036cc4bdc6d260ead3df2bb419b3bb","name":"Atmosfera","image":{"@type":"ImageObject","inLanguage":"pt-BR","@id":"https:\/\/atmosfera.com\/blog\/#\/schema\/person\/image\/","url":"https:\/\/secure.gravatar.com\/avatar\/14ab1ee3f886dcc93924f92ba486a73c8e9d914dc4cc70fc48ce97777ca02947?s=96&d=mm&r=g","contentUrl":"https:\/\/secure.gravatar.com\/avatar\/14ab1ee3f886dcc93924f92ba486a73c8e9d914dc4cc70fc48ce97777ca02947?s=96&d=mm&r=g","caption":"Atmosfera"}}]}},"_links":{"self":[{"href":"https:\/\/atmosfera.com\/blog\/wp-json\/wp\/v2\/posts\/1695","targetHints":{"allow":["GET"]}}],"collection":[{"href":"https:\/\/atmosfera.com\/blog\/wp-json\/wp\/v2\/posts"}],"about":[{"href":"https:\/\/atmosfera.com\/blog\/wp-json\/wp\/v2\/types\/post"}],"author":[{"embeddable":true,"href":"https:\/\/atmosfera.com\/blog\/wp-json\/wp\/v2\/users\/4"}],"replies":[{"embeddable":true,"href":"https:\/\/atmosfera.com\/blog\/wp-json\/wp\/v2\/comments?post=1695"}],"version-history":[{"count":5,"href":"https:\/\/atmosfera.com\/blog\/wp-json\/wp\/v2\/posts\/1695\/revisions"}],"predecessor-version":[{"id":1710,"href":"https:\/\/atmosfera.com\/blog\/wp-json\/wp\/v2\/posts\/1695\/revisions\/1710"}],"wp:featuredmedia":[{"embeddable":true,"href":"https:\/\/atmosfera.com\/blog\/wp-json\/wp\/v2\/media\/1709"}],"wp:attachment":[{"href":"https:\/\/atmosfera.com\/blog\/wp-json\/wp\/v2\/media?parent=1695"}],"wp:term":[{"taxonomy":"category","embeddable":true,"href":"https:\/\/atmosfera.com\/blog\/wp-json\/wp\/v2\/categories?post=1695"},{"taxonomy":"post_tag","embeddable":true,"href":"https:\/\/atmosfera.com\/blog\/wp-json\/wp\/v2\/tags?post=1695"},{"taxonomy":"powerkit_post_featured","embeddable":true,"href":"https:\/\/atmosfera.com\/blog\/wp-json\/wp\/v2\/powerkit_post_featured?post=1695"}],"curies":[{"name":"wp","href":"https:\/\/api.w.org\/{rel}","templated":true}]}}