{"id":1667,"date":"2023-09-30T14:22:24","date_gmt":"2023-09-30T17:22:24","guid":{"rendered":"https:\/\/atmosfera.com\/blog\/?p=1667"},"modified":"2023-10-24T09:29:10","modified_gmt":"2023-10-24T12:29:10","slug":"atmosfera-adota-novo-padrao-e-entrega-primeira-condominio-preparado-para-ser-carbono-zero","status":"publish","type":"post","link":"https:\/\/atmosfera.com\/blog\/atmosfera-adota-novo-padrao-e-entrega-primeira-condominio-preparado-para-ser-carbono-zero\/","title":{"rendered":"Atmosfera adota novo padr\u00e3o e entrega primeiro condom\u00ednio preparado para ser &#8220;carbono zero&#8221;"},"content":{"rendered":"\n<h3 id=\"os-eventos-climaticos-ligados-ao-aquecimento-global-tem-chamado-a-atencao-para-medidas-urgentes\" class=\"wp-block-heading has-text-align-left\">Os eventos clim\u00e1ticos, ligados ao aquecimento global, t\u00eam chamado a aten\u00e7\u00e3o para medidas urgentes<\/h3>\n\n\n\n<p>Nos \u00faltimos tempos, temos observado um aumento significativo nas temperaturas, acompanhado de eventos clim\u00e1ticos extremos por todo o mundo. As semanas recentes t\u00eam sido marcadas por temperaturas que quebraram recordes hist\u00f3ricos em diversas regi\u00f5es e, por outro lado, chuvas fort\u00edssimas em outras. Especialistas alertam que esse fen\u00f4meno \u00e9 um reflexo direto do aquecimento global, que est\u00e1 causando mudan\u00e7as dr\u00e1sticas no clima global.<\/p>\n\n\n\n<p>Nesse cen\u00e1rio desafiador, a <a href=\"http:\/\/www.atmosfera.com\">Atmosfera Incorporadora <\/a>vem se destacando como impulsionadora de uma quebra de paradigma, ao introduzir um novo padr\u00e3o na constru\u00e7\u00e3o civil e no ramo imobili\u00e1rio do Litoral Norte.<\/p>\n\n\n\n<p>Demonstrando um firme compromisso com o meio ambiente, a empresa adotou uma s\u00e9rie de medidas ambientais importantes, entre elas o uso de placas solares, elimina\u00e7\u00e3o do g\u00e1s de cozinha, sistemas de reaproveitamento de \u00e1guas pluviais, fontes de energia renov\u00e1vel e pr\u00e1ticas de gest\u00e3o de res\u00edduos para minimizar o impacto ambiental.<\/p>\n\n\n\n<p>A construtora possui ainda uma <a href=\"https:\/\/atmosfera.com\/blog\/novo-escritorio-da-atmosfera-traz-sustentabilidade-e-fonte-de-energia\/\">usina de gera\u00e7\u00e3o de energia solar<\/a> que abastece todo o escrit\u00f3rio central e, em <a href=\"https:\/\/atmosfera.com\/blog\/atmosfera-instala-tres-pontos-de-recarga-para-carros-eletricos-em-ubatuba\/\">parceria com a BMW<\/a>, oferece gratuitamente o carregamento de ve\u00edculos el\u00e9tricos em pontos estrat\u00e9gicos de Ubatuba.<\/p>\n\n\n\n<h3 id=\"casa-itagua-o-primeiro-preparado-para-ser-carbono-zero\" class=\"wp-block-heading\">Casa Itagu\u00e1: o primeiro preparado para ser \u201ccarbono zero\u201d<\/h3>\n\n\n\n<figure class=\"wp-block-gallery has-nested-images columns-default is-cropped wp-block-gallery-1 is-layout-flex wp-block-gallery-is-layout-flex\"><\/figure>\n\n\n\n<p>Agora, a Atmosfera est\u00e1 prestes a entregar uma inova\u00e7\u00e3o que promete marcar este novo padr\u00e3o de constru\u00e7\u00e3o em Ubatuba: o primeiro condom\u00ednio da cidade preparado para funcionar sem emiss\u00e3o de CO2: o &#8220;<a href=\"https:\/\/atmosfera.com\/casa-itagua\/\">Casa Itagu\u00e1<\/a>\u201d.<\/p>\n\n\n\n<p>O condom\u00ednio de casas, que ser\u00e1 entregue no in\u00edcio do pr\u00f3ximo ano, foi meticulosamente projetado para operar exclusivamente com energia renov\u00e1vel, eliminando completamente o uso de g\u00e1s de cozinha, que n\u00e3o apenas prejudica o meio ambiente, mas tamb\u00e9m representa riscos para a sa\u00fade humana.<\/p>\n\n\n\n<p>\u201cAinda \u00e9 inevit\u00e1vel que durante uma obra sejam emitidos gases de efeito estufa, mas estamos entregando empreendimentos que j\u00e1 v\u00eam preparados para funcionar de forma sustent\u00e1vel. Uma obra dura cerca de dois anos, mas a constru\u00e7\u00e3o se manter\u00e1 sustent\u00e1vel por d\u00e9cadas\u201d, explica Kailash Pinotti, diretor da Atmosfera.<\/p>\n\n\n\n<h3 id=\"sem-o-uso-de-gas\" class=\"wp-block-heading\">Sem o uso de g\u00e1s<\/h3>\n\n\n\n<p>Nas cozinhas do <a href=\"https:\/\/atmosfera.com\/casa-itagua\/\">Casa Itagu\u00e1<\/a>, os moradores n\u00e3o precisar\u00e3o se preocupar com o GLP (g\u00e1s de cozinha), que estudos recentes associaram a s\u00e9rios riscos \u00e0 sa\u00fade. Em vez disso, o condom\u00ednio estar\u00e1 pronto para receber cooktops de indu\u00e7\u00e3o, alinhando-se \u00e0 crescente tend\u00eancia de sustentabilidade.<\/p>\n\n\n\n<p>De acordo com uma pesquisa recente divulgada pelo diretor do <a href=\"https:\/\/environment.harvard.edu\/center-climate-health-and-global-environment-c-change\">Centro do Clima, Sa\u00fade e Meio Ambiente da Universidade de Harvard<\/a>, nos Estados Unidos, <a href=\"https:\/\/extension.harvard.edu\/faculty\/aaron-bernstein\/\">Aaron Bernstein<\/a>, o uso do g\u00e1s de cozinha dentro dos domic\u00edlios pode causar grandes riscos \u00e0 sa\u00fade pulmonar e cardiovascular, principalmente das crian\u00e7as. Isso ocorre devido \u00e0 libera\u00e7\u00e3o de produtos qu\u00edmicos e gases t\u00f3xicos, at\u00e9 mesmo quando n\u00e3o est\u00e1 em uso.<\/p>\n\n\n\n<p>E nos banheiros, a hist\u00f3ria se repete: nada de chuveiros com aquecimento a g\u00e1s. A infraestrutura do condom\u00ednio permitir\u00e1 que todos os utens\u00edlios sejam abastecidos pela rede el\u00e9trica, que ser\u00e1 alimentada com apoio das placas solares. Um sistema de boiler garantir\u00e1 um banho confort\u00e1vel, sem comprometer a qualidade ou a press\u00e3o da \u00e1gua, ao mesmo tempo que reduz a pegada de carbono.<\/p>\n\n\n\n<p>Al\u00e9m dos riscos \u00e0 sa\u00fade, o uso de g\u00e1s de cozinha polui o meio ambiente, sendo respons\u00e1vel, de acordo com a pesquisa, por 12% de toda a polui\u00e7\u00e3o nos Estados Unidos e compar\u00e1vel ao que causam 50 mil carros por ano. Os alertas t\u00eam sido no sentido de come\u00e7ar a trocar o uso do g\u00e1s pelo fog\u00e3o el\u00e9trico, que \u00e9 muito menos prejudicial \u00e0 sa\u00fade e ao meio ambiente.<\/p>\n\n\n\n<h3 id=\"honrando-o-planeta-e-as-futuras-geracoes\" class=\"wp-block-heading\">Honrando o planeta e as futuras gera\u00e7\u00f5es<\/h3>\n\n\n\n<p>O Casa Itagu\u00e1 \u00e9 um exemplo de como a ind\u00fastria da constru\u00e7\u00e3o pode desempenhar um papel fundamental na luta contra as mudan\u00e7as clim\u00e1ticas. E \u00e9 apenas o primeiro empreendimento da Atmosfera a adotar o padr\u00e3o \u201ccarbono zero\u201d, j\u00e1 que o L500, que est\u00e1 em obras, tamb\u00e9m adotar\u00e1 a mesmo padr\u00e3o, bem como os pr\u00f3ximos lan\u00e7amentos da construtora.<\/p>\n\n\n\n<p>Essa abordagem abrangente reflete o compromisso cont\u00ednuo da Atmosfera Incorporadora em construir um estilo de vida que honra o planeta e as gera\u00e7\u00f5es futuras, marcando um passo importante em dire\u00e7\u00e3o a um futuro mais sustent\u00e1vel.<\/p>\n","protected":false},"excerpt":{"rendered":"","protected":false},"author":4,"featured_media":1674,"comment_status":"closed","ping_status":"open","sticky":false,"template":"","format":"standard","meta":{"footnotes":""},"categories":[162,182,22,19,20,147],"tags":[],"powerkit_post_featured":[],"class_list":{"0":"post-1667","1":"post","2":"type-post","3":"status-publish","4":"format-standard","5":"has-post-thumbnail","7":"category-arquitetura","8":"category-carbono-zero","9":"category-institucional","10":"category-meio-ambiente","11":"category-sustentabilidade","12":"category-vendas"},"yoast_head":"<!-- This site is optimized with the Yoast SEO plugin v20.5 - https:\/\/yoast.com\/wordpress\/plugins\/seo\/ -->\n<title>Atmosfera adota novo padr\u00e3o e entrega primeiro condom\u00ednio preparado para ser &quot;carbono zero&quot; - Blog - Atmosfera Incorporadora<\/title>\n<meta name=\"description\" content=\"O Brasil tem enfrentado uma onda de calor intensa nas \u00faltimas semanas, com temperaturas que t\u00eam desafiado recordes hist\u00f3ricos. Este forte calor \u201cfora de \u00e9poca\u201d est\u00e1, segundo alerta de especialistas, diretamente ligado ao aquecimento global, um fen\u00f4meno que est\u00e1 alterando drasticamente o clima da Terra.Nesse cen\u00e1rio desafiador, a Atmosfera Incorporadora vem se destacando como impulsionadora de uma quebra de paradigma, ao introduzir um novo padr\u00e3o na constru\u00e7\u00e3o civil e no ramo imobili\u00e1rio do Litoral Norte.\" \/>\n<meta name=\"robots\" content=\"index, follow, max-snippet:-1, max-image-preview:large, max-video-preview:-1\" \/>\n<link rel=\"canonical\" href=\"https:\/\/atmosfera.com\/blog\/atmosfera-adota-novo-padrao-e-entrega-primeira-condominio-preparado-para-ser-carbono-zero\/\" \/>\n<meta property=\"og:locale\" content=\"pt_BR\" \/>\n<meta property=\"og:type\" content=\"article\" \/>\n<meta property=\"og:title\" content=\"Atmosfera adota novo padr\u00e3o e entrega primeiro condom\u00ednio preparado para ser &quot;carbono zero&quot; - Blog - Atmosfera Incorporadora\" \/>\n<meta property=\"og:description\" content=\"O Brasil tem enfrentado uma onda de calor intensa nas \u00faltimas semanas, com temperaturas que t\u00eam desafiado recordes hist\u00f3ricos. Este forte calor \u201cfora de \u00e9poca\u201d est\u00e1, segundo alerta de especialistas, diretamente ligado ao aquecimento global, um fen\u00f4meno que est\u00e1 alterando drasticamente o clima da Terra.Nesse cen\u00e1rio desafiador, a Atmosfera Incorporadora vem se destacando como impulsionadora de uma quebra de paradigma, ao introduzir um novo padr\u00e3o na constru\u00e7\u00e3o civil e no ramo imobili\u00e1rio do Litoral Norte.\" \/>\n<meta property=\"og:url\" content=\"https:\/\/atmosfera.com\/blog\/atmosfera-adota-novo-padrao-e-entrega-primeira-condominio-preparado-para-ser-carbono-zero\/\" \/>\n<meta property=\"og:site_name\" content=\"Blog - Atmosfera Incorporadora\" \/>\n<meta property=\"article:publisher\" content=\"https:\/\/www.facebook.com\/atmosferaubatuba\/\" \/>\n<meta property=\"article:published_time\" content=\"2023-09-30T17:22:24+00:00\" \/>\n<meta property=\"article:modified_time\" content=\"2023-10-24T12:29:10+00:00\" \/>\n<meta property=\"og:image\" content=\"https:\/\/atmosfera.com\/blog\/wp-content\/uploads\/2023\/09\/Casa-em-condominio-ubatuba-itagua.jpg\" \/>\n\t<meta property=\"og:image:width\" content=\"1000\" \/>\n\t<meta property=\"og:image:height\" content=\"720\" \/>\n\t<meta property=\"og:image:type\" content=\"image\/jpeg\" \/>\n<meta name=\"author\" content=\"Atmosfera\" \/>\n<meta name=\"twitter:card\" content=\"summary_large_image\" \/>\n<meta name=\"twitter:label1\" content=\"Escrito por\" \/>\n\t<meta name=\"twitter:data1\" content=\"Atmosfera\" \/>\n\t<meta name=\"twitter:label2\" content=\"Est. tempo de leitura\" \/>\n\t<meta name=\"twitter:data2\" content=\"4 minutos\" \/>\n<script type=\"application\/ld+json\" class=\"yoast-schema-graph\">{\"@context\":\"https:\/\/schema.org\",\"@graph\":[{\"@type\":\"WebPage\",\"@id\":\"https:\/\/atmosfera.com\/blog\/atmosfera-adota-novo-padrao-e-entrega-primeira-condominio-preparado-para-ser-carbono-zero\/\",\"url\":\"https:\/\/atmosfera.com\/blog\/atmosfera-adota-novo-padrao-e-entrega-primeira-condominio-preparado-para-ser-carbono-zero\/\",\"name\":\"Atmosfera adota novo padr\u00e3o e entrega primeiro condom\u00ednio preparado para ser \\\"carbono zero\\\" - Blog - Atmosfera Incorporadora\",\"isPartOf\":{\"@id\":\"https:\/\/atmosfera.com\/blog\/#website\"},\"datePublished\":\"2023-09-30T17:22:24+00:00\",\"dateModified\":\"2023-10-24T12:29:10+00:00\",\"author\":{\"@id\":\"https:\/\/atmosfera.com\/blog\/#\/schema\/person\/c1036cc4bdc6d260ead3df2bb419b3bb\"},\"description\":\"O Brasil tem enfrentado uma onda de calor intensa nas \u00faltimas semanas, com temperaturas que t\u00eam desafiado recordes hist\u00f3ricos. Este forte calor \u201cfora de \u00e9poca\u201d est\u00e1, segundo alerta de especialistas, diretamente ligado ao aquecimento global, um fen\u00f4meno que est\u00e1 alterando drasticamente o clima da Terra.Nesse cen\u00e1rio desafiador, a Atmosfera Incorporadora vem se destacando como impulsionadora de uma quebra de paradigma, ao introduzir um novo padr\u00e3o na constru\u00e7\u00e3o civil e no ramo imobili\u00e1rio do Litoral Norte.\",\"breadcrumb\":{\"@id\":\"https:\/\/atmosfera.com\/blog\/atmosfera-adota-novo-padrao-e-entrega-primeira-condominio-preparado-para-ser-carbono-zero\/#breadcrumb\"},\"inLanguage\":\"pt-BR\",\"potentialAction\":[{\"@type\":\"ReadAction\",\"target\":[\"https:\/\/atmosfera.com\/blog\/atmosfera-adota-novo-padrao-e-entrega-primeira-condominio-preparado-para-ser-carbono-zero\/\"]}]},{\"@type\":\"BreadcrumbList\",\"@id\":\"https:\/\/atmosfera.com\/blog\/atmosfera-adota-novo-padrao-e-entrega-primeira-condominio-preparado-para-ser-carbono-zero\/#breadcrumb\",\"itemListElement\":[{\"@type\":\"ListItem\",\"position\":1,\"name\":\"In\u00edcio\",\"item\":\"https:\/\/atmosfera.com\/blog\/\"},{\"@type\":\"ListItem\",\"position\":2,\"name\":\"Atmosfera adota novo padr\u00e3o e entrega primeiro condom\u00ednio preparado para ser &#8220;carbono zero&#8221;\"}]},{\"@type\":\"WebSite\",\"@id\":\"https:\/\/atmosfera.com\/blog\/#website\",\"url\":\"https:\/\/atmosfera.com\/blog\/\",\"name\":\"Blog - Atmosfera Incorporadora\",\"description\":\"Tend\u00eancias de decora\u00e7\u00e3o, informa\u00e7\u00f5es sobre o mercado imobili\u00e1rio, inova\u00e7\u00e3o e muito mais\",\"potentialAction\":[{\"@type\":\"SearchAction\",\"target\":{\"@type\":\"EntryPoint\",\"urlTemplate\":\"https:\/\/atmosfera.com\/blog\/?s={search_term_string}\"},\"query-input\":\"required name=search_term_string\"}],\"inLanguage\":\"pt-BR\"},{\"@type\":\"Person\",\"@id\":\"https:\/\/atmosfera.com\/blog\/#\/schema\/person\/c1036cc4bdc6d260ead3df2bb419b3bb\",\"name\":\"Atmosfera\",\"image\":{\"@type\":\"ImageObject\",\"inLanguage\":\"pt-BR\",\"@id\":\"https:\/\/atmosfera.com\/blog\/#\/schema\/person\/image\/\",\"url\":\"https:\/\/secure.gravatar.com\/avatar\/14ab1ee3f886dcc93924f92ba486a73c8e9d914dc4cc70fc48ce97777ca02947?s=96&d=mm&r=g\",\"contentUrl\":\"https:\/\/secure.gravatar.com\/avatar\/14ab1ee3f886dcc93924f92ba486a73c8e9d914dc4cc70fc48ce97777ca02947?s=96&d=mm&r=g\",\"caption\":\"Atmosfera\"}}]}<\/script>\n<!-- \/ Yoast SEO plugin. -->","yoast_head_json":{"title":"Atmosfera adota novo padr\u00e3o e entrega primeiro condom\u00ednio preparado para ser \"carbono zero\" - Blog - Atmosfera Incorporadora","description":"O Brasil tem enfrentado uma onda de calor intensa nas \u00faltimas semanas, com temperaturas que t\u00eam desafiado recordes hist\u00f3ricos. Este forte calor \u201cfora de \u00e9poca\u201d est\u00e1, segundo alerta de especialistas, diretamente ligado ao aquecimento global, um fen\u00f4meno que est\u00e1 alterando drasticamente o clima da Terra.Nesse cen\u00e1rio desafiador, a Atmosfera Incorporadora vem se destacando como impulsionadora de uma quebra de paradigma, ao introduzir um novo padr\u00e3o na constru\u00e7\u00e3o civil e no ramo imobili\u00e1rio do Litoral Norte.","robots":{"index":"index","follow":"follow","max-snippet":"max-snippet:-1","max-image-preview":"max-image-preview:large","max-video-preview":"max-video-preview:-1"},"canonical":"https:\/\/atmosfera.com\/blog\/atmosfera-adota-novo-padrao-e-entrega-primeira-condominio-preparado-para-ser-carbono-zero\/","og_locale":"pt_BR","og_type":"article","og_title":"Atmosfera adota novo padr\u00e3o e entrega primeiro condom\u00ednio preparado para ser \"carbono zero\" - Blog - Atmosfera Incorporadora","og_description":"O Brasil tem enfrentado uma onda de calor intensa nas \u00faltimas semanas, com temperaturas que t\u00eam desafiado recordes hist\u00f3ricos. Este forte calor \u201cfora de \u00e9poca\u201d est\u00e1, segundo alerta de especialistas, diretamente ligado ao aquecimento global, um fen\u00f4meno que est\u00e1 alterando drasticamente o clima da Terra.Nesse cen\u00e1rio desafiador, a Atmosfera Incorporadora vem se destacando como impulsionadora de uma quebra de paradigma, ao introduzir um novo padr\u00e3o na constru\u00e7\u00e3o civil e no ramo imobili\u00e1rio do Litoral Norte.","og_url":"https:\/\/atmosfera.com\/blog\/atmosfera-adota-novo-padrao-e-entrega-primeira-condominio-preparado-para-ser-carbono-zero\/","og_site_name":"Blog - Atmosfera Incorporadora","article_publisher":"https:\/\/www.facebook.com\/atmosferaubatuba\/","article_published_time":"2023-09-30T17:22:24+00:00","article_modified_time":"2023-10-24T12:29:10+00:00","og_image":[{"width":1000,"height":720,"url":"https:\/\/atmosfera.com\/blog\/wp-content\/uploads\/2023\/09\/Casa-em-condominio-ubatuba-itagua.jpg","type":"image\/jpeg"}],"author":"Atmosfera","twitter_card":"summary_large_image","twitter_misc":{"Escrito por":"Atmosfera","Est. tempo de leitura":"4 minutos"},"schema":{"@context":"https:\/\/schema.org","@graph":[{"@type":"WebPage","@id":"https:\/\/atmosfera.com\/blog\/atmosfera-adota-novo-padrao-e-entrega-primeira-condominio-preparado-para-ser-carbono-zero\/","url":"https:\/\/atmosfera.com\/blog\/atmosfera-adota-novo-padrao-e-entrega-primeira-condominio-preparado-para-ser-carbono-zero\/","name":"Atmosfera adota novo padr\u00e3o e entrega primeiro condom\u00ednio preparado para ser \"carbono zero\" - Blog - Atmosfera Incorporadora","isPartOf":{"@id":"https:\/\/atmosfera.com\/blog\/#website"},"datePublished":"2023-09-30T17:22:24+00:00","dateModified":"2023-10-24T12:29:10+00:00","author":{"@id":"https:\/\/atmosfera.com\/blog\/#\/schema\/person\/c1036cc4bdc6d260ead3df2bb419b3bb"},"description":"O Brasil tem enfrentado uma onda de calor intensa nas \u00faltimas semanas, com temperaturas que t\u00eam desafiado recordes hist\u00f3ricos. Este forte calor \u201cfora de \u00e9poca\u201d est\u00e1, segundo alerta de especialistas, diretamente ligado ao aquecimento global, um fen\u00f4meno que est\u00e1 alterando drasticamente o clima da Terra.Nesse cen\u00e1rio desafiador, a Atmosfera Incorporadora vem se destacando como impulsionadora de uma quebra de paradigma, ao introduzir um novo padr\u00e3o na constru\u00e7\u00e3o civil e no ramo imobili\u00e1rio do Litoral Norte.","breadcrumb":{"@id":"https:\/\/atmosfera.com\/blog\/atmosfera-adota-novo-padrao-e-entrega-primeira-condominio-preparado-para-ser-carbono-zero\/#breadcrumb"},"inLanguage":"pt-BR","potentialAction":[{"@type":"ReadAction","target":["https:\/\/atmosfera.com\/blog\/atmosfera-adota-novo-padrao-e-entrega-primeira-condominio-preparado-para-ser-carbono-zero\/"]}]},{"@type":"BreadcrumbList","@id":"https:\/\/atmosfera.com\/blog\/atmosfera-adota-novo-padrao-e-entrega-primeira-condominio-preparado-para-ser-carbono-zero\/#breadcrumb","itemListElement":[{"@type":"ListItem","position":1,"name":"In\u00edcio","item":"https:\/\/atmosfera.com\/blog\/"},{"@type":"ListItem","position":2,"name":"Atmosfera adota novo padr\u00e3o e entrega primeiro condom\u00ednio preparado para ser &#8220;carbono zero&#8221;"}]},{"@type":"WebSite","@id":"https:\/\/atmosfera.com\/blog\/#website","url":"https:\/\/atmosfera.com\/blog\/","name":"Blog - Atmosfera Incorporadora","description":"Tend\u00eancias de decora\u00e7\u00e3o, informa\u00e7\u00f5es sobre o mercado imobili\u00e1rio, inova\u00e7\u00e3o e muito mais","potentialAction":[{"@type":"SearchAction","target":{"@type":"EntryPoint","urlTemplate":"https:\/\/atmosfera.com\/blog\/?s={search_term_string}"},"query-input":"required name=search_term_string"}],"inLanguage":"pt-BR"},{"@type":"Person","@id":"https:\/\/atmosfera.com\/blog\/#\/schema\/person\/c1036cc4bdc6d260ead3df2bb419b3bb","name":"Atmosfera","image":{"@type":"ImageObject","inLanguage":"pt-BR","@id":"https:\/\/atmosfera.com\/blog\/#\/schema\/person\/image\/","url":"https:\/\/secure.gravatar.com\/avatar\/14ab1ee3f886dcc93924f92ba486a73c8e9d914dc4cc70fc48ce97777ca02947?s=96&d=mm&r=g","contentUrl":"https:\/\/secure.gravatar.com\/avatar\/14ab1ee3f886dcc93924f92ba486a73c8e9d914dc4cc70fc48ce97777ca02947?s=96&d=mm&r=g","caption":"Atmosfera"}}]}},"_links":{"self":[{"href":"https:\/\/atmosfera.com\/blog\/wp-json\/wp\/v2\/posts\/1667","targetHints":{"allow":["GET"]}}],"collection":[{"href":"https:\/\/atmosfera.com\/blog\/wp-json\/wp\/v2\/posts"}],"about":[{"href":"https:\/\/atmosfera.com\/blog\/wp-json\/wp\/v2\/types\/post"}],"author":[{"embeddable":true,"href":"https:\/\/atmosfera.com\/blog\/wp-json\/wp\/v2\/users\/4"}],"replies":[{"embeddable":true,"href":"https:\/\/atmosfera.com\/blog\/wp-json\/wp\/v2\/comments?post=1667"}],"version-history":[{"count":7,"href":"https:\/\/atmosfera.com\/blog\/wp-json\/wp\/v2\/posts\/1667\/revisions"}],"predecessor-version":[{"id":1683,"href":"https:\/\/atmosfera.com\/blog\/wp-json\/wp\/v2\/posts\/1667\/revisions\/1683"}],"wp:featuredmedia":[{"embeddable":true,"href":"https:\/\/atmosfera.com\/blog\/wp-json\/wp\/v2\/media\/1674"}],"wp:attachment":[{"href":"https:\/\/atmosfera.com\/blog\/wp-json\/wp\/v2\/media?parent=1667"}],"wp:term":[{"taxonomy":"category","embeddable":true,"href":"https:\/\/atmosfera.com\/blog\/wp-json\/wp\/v2\/categories?post=1667"},{"taxonomy":"post_tag","embeddable":true,"href":"https:\/\/atmosfera.com\/blog\/wp-json\/wp\/v2\/tags?post=1667"},{"taxonomy":"powerkit_post_featured","embeddable":true,"href":"https:\/\/atmosfera.com\/blog\/wp-json\/wp\/v2\/powerkit_post_featured?post=1667"}],"curies":[{"name":"wp","href":"https:\/\/api.w.org\/{rel}","templated":true}]}}