{"id":1650,"date":"2023-09-06T18:01:04","date_gmt":"2023-09-06T21:01:04","guid":{"rendered":"https:\/\/atmosfera.com\/blog\/?p=1650"},"modified":"2023-09-06T18:03:47","modified_gmt":"2023-09-06T21:03:47","slug":"valores-de-locacao-tem-aumento-expressivo-em-ubatuba","status":"publish","type":"post","link":"https:\/\/atmosfera.com\/blog\/valores-de-locacao-tem-aumento-expressivo-em-ubatuba\/","title":{"rendered":"Valores de loca\u00e7\u00e3o t\u00eam aumento expressivo em Ubatuba"},"content":{"rendered":"\n<p><strong>O Conselho Regional de Corretores de Im\u00f3veis de S\u00e3o Paulo (<a href=\"https:\/\/www.crecisp.gov.br\/\">CRECISP<\/a>) avaliou a m\u00e9dia de pre\u00e7os das di\u00e1rias de loca\u00e7\u00e3o em 20 ag\u00eancias imobili\u00e1rias distribu\u00eddas nas cidades do Litoral Paulista.<\/strong><\/p>\n\n\n\n<p><strong>O novo estudo identificou aumentos de at\u00e9 300% nos valores cobrados por di\u00e1ria nas cidades do litoral no per\u00edodo, entre elas Ubatuba, especialmente para hospedagens de 1 dormit\u00f3rio.<\/strong><\/p>\n\n\n\n<p><strong>Apesar disso, a loca\u00e7\u00e3o de im\u00f3veis em Ubatuba durante o feriado ainda tem se apresentado uma op\u00e7\u00e3o atraente, tanto para grupos pequenos, quanto para fam\u00edlias maiores, uma vez que os custos podem ser compartilhados, tornando o investimento mais acess\u00edvel.<\/strong><\/p>\n\n\n\n<p><strong>Entre os im\u00f3veis mais procurados no Google para loca\u00e7\u00e3o em Ubatuba, destacam-se alguns empreendimentos da <a href=\"http:\/\/www.atmosfera.com\">Atmosfera Incorporadora<\/a>, principalmente o Reserva DNA, o <a href=\"https:\/\/atmosfera.com\/portfolio\/residencial-fiji-praia-grande-ubatuba-apartamentos-a-venda-1-2-e-3-quartos-alto-padrao\/\">Fiji<\/a>, <a href=\"https:\/\/atmosfera.com\/portfolio\/bambu-ubatuba-praia-grande-apartamentos-a-venda-de-2-e-3-quartos-alto-padrao-frente-mar\/\">Bambu<\/a> e <a href=\"https:\/\/atmosfera.com\/grand-bali\/\">Grand Bali Resort<\/a>. Estes im\u00f3veis t\u00eam chegado a apresentar rentabilidade de mais de 30% ao ano e est\u00e3o entre os 10 mais procurados da cidade.<\/strong><\/p>\n\n\n\n<p><strong>O <a href=\"https:\/\/atmosfera.com\/portfolio\/reserva-dna-ubatuba-praia-grande-apartamentos-a-venda-de-1-2-3-ou-4-quartos-alto-padrao\/\">Reserva DNA<\/a>, na Praia Grande, por exemplo, \u00e9 o mais buscado no Google, chegando a ter um n\u00famero maior de procura do que os maiores hot\u00e9is da cidade, conforme mostra a imagem.<\/strong><\/p>\n\n\n\n<figure class=\"wp-block-image size-full\"><img  loading=\"lazy\"  decoding=\"async\"  width=\"1156\"  height=\"689\"  src=\"data:image\/png;base64,iVBORw0KGgoAAAANSUhEUgAABIQAAAKxAQMAAAAYe+VRAAAAA1BMVEUAAP+KeNJXAAAAAXRSTlMAQObYZgAAAAlwSFlzAAAOxAAADsQBlSsOGwAAAHdJREFUeNrtwQEBAAAAgiD\/r25IQAEAAAAAAAAAAAAAAAAAAAAAAAAAAAAAAAAAAAAAAAAAAAAAAAAAAAAAAAAAAAAAAAAAAAAAAAAAAAAAAAAAAAAAAAAAAAAAAAAAAAAAAAAAAAAAAAAAAAAAAAAAAAAAAADwYYkBAAF9OkD\/AAAAAElFTkSuQmCC\"  alt=\"\"  class=\"wp-image-1652 pk-lazyload\"  data-pk-sizes=\"auto\"  data-ls-sizes=\"auto, (max-width: 1156px) 100vw, 1156px\"  data-pk-src=\"https:\/\/atmosfera.com\/blog\/wp-content\/uploads\/2023\/09\/google-trends-1.jpg\"  data-pk-srcset=\"https:\/\/atmosfera.com\/blog\/wp-content\/uploads\/2023\/09\/google-trends-1.jpg 1156w, https:\/\/atmosfera.com\/blog\/wp-content\/uploads\/2023\/09\/google-trends-1-800x477.jpg 800w, https:\/\/atmosfera.com\/blog\/wp-content\/uploads\/2023\/09\/google-trends-1-320x191.jpg 320w, https:\/\/atmosfera.com\/blog\/wp-content\/uploads\/2023\/09\/google-trends-1-560x334.jpg 560w, https:\/\/atmosfera.com\/blog\/wp-content\/uploads\/2023\/09\/google-trends-1-640x381.jpg 640w, https:\/\/atmosfera.com\/blog\/wp-content\/uploads\/2023\/09\/google-trends-1-1120x668.jpg 1120w\" ><figcaption class=\"wp-element-caption\">Dadosdo google trends mostram que a busca pelo reserva dna foi maior que a de um dos maiores hot\u00e9is de ubatuba<\/figcaption><\/figure>\n\n\n\n<p><strong>A expectativa \u00e9 que o feriado desta semana atraia aproximadamente 800 mil turistas, somente nas cidades do Litoral Norte de S\u00e3o Paulo.<\/strong><\/p>\n","protected":false},"excerpt":{"rendered":"","protected":false},"author":4,"featured_media":1653,"comment_status":"closed","ping_status":"open","sticky":false,"template":"","format":"standard","meta":{"footnotes":""},"categories":[18,179,21],"tags":[181,180,69,62,105,129,23],"powerkit_post_featured":[],"class_list":{"0":"post-1650","1":"post","2":"type-post","3":"status-publish","4":"format-standard","5":"has-post-thumbnail","7":"category-economia","8":"category-locacao","9":"category-turismo","10":"tag-diaria","11":"tag-feriado","12":"tag-investir-em-ubatuba","13":"tag-locacao","14":"tag-rentabilidade","15":"tag-turismo","16":"tag-ubatuba"},"yoast_head":"<!-- This site is optimized with the Yoast SEO plugin v20.5 - https:\/\/yoast.com\/wordpress\/plugins\/seo\/ -->\n<title>Valores de loca\u00e7\u00e3o t\u00eam aumento expressivo em Ubatuba - Blog - Atmosfera Incorporadora<\/title>\n<meta name=\"description\" content=\"O Conselho Regional de Corretores de Im\u00f3veis de S\u00e3o Paulo (CRECISP) avaliou a m\u00e9dia de pre\u00e7os das di\u00e1rias de loca\u00e7\u00e3o em 20 ag\u00eancias imobili\u00e1rias distribu\u00eddas nas cidades do Litoral Paulista. O novo estudo identificou aumentos de at\u00e9 300% nos valores cobrados por di\u00e1ria nas cidades do litoral no per\u00edodo, entre elas Ubatuba, especialmente para hospedagens de 1 dormit\u00f3rio.\" \/>\n<meta name=\"robots\" content=\"index, follow, max-snippet:-1, max-image-preview:large, max-video-preview:-1\" \/>\n<link rel=\"canonical\" href=\"https:\/\/atmosfera.com\/blog\/valores-de-locacao-tem-aumento-expressivo-em-ubatuba\/\" \/>\n<meta property=\"og:locale\" content=\"pt_BR\" \/>\n<meta property=\"og:type\" content=\"article\" \/>\n<meta property=\"og:title\" content=\"Valores de loca\u00e7\u00e3o t\u00eam aumento expressivo em Ubatuba - Blog - Atmosfera Incorporadora\" \/>\n<meta property=\"og:description\" content=\"O Conselho Regional de Corretores de Im\u00f3veis de S\u00e3o Paulo (CRECISP) avaliou a m\u00e9dia de pre\u00e7os das di\u00e1rias de loca\u00e7\u00e3o em 20 ag\u00eancias imobili\u00e1rias distribu\u00eddas nas cidades do Litoral Paulista. O novo estudo identificou aumentos de at\u00e9 300% nos valores cobrados por di\u00e1ria nas cidades do litoral no per\u00edodo, entre elas Ubatuba, especialmente para hospedagens de 1 dormit\u00f3rio.\" \/>\n<meta property=\"og:url\" content=\"https:\/\/atmosfera.com\/blog\/valores-de-locacao-tem-aumento-expressivo-em-ubatuba\/\" \/>\n<meta property=\"og:site_name\" content=\"Blog - Atmosfera Incorporadora\" \/>\n<meta property=\"article:publisher\" content=\"https:\/\/www.facebook.com\/atmosferaubatuba\/\" \/>\n<meta property=\"article:published_time\" content=\"2023-09-06T21:01:04+00:00\" \/>\n<meta property=\"article:modified_time\" content=\"2023-09-06T21:03:47+00:00\" \/>\n<meta property=\"og:image\" content=\"https:\/\/atmosfera.com\/blog\/wp-content\/uploads\/2023\/09\/MicrosoftTeams-image-2.png\" \/>\n\t<meta property=\"og:image:width\" content=\"1000\" \/>\n\t<meta property=\"og:image:height\" content=\"700\" \/>\n\t<meta property=\"og:image:type\" content=\"image\/png\" \/>\n<meta name=\"author\" content=\"Atmosfera\" \/>\n<meta name=\"twitter:card\" content=\"summary_large_image\" \/>\n<meta name=\"twitter:label1\" content=\"Escrito por\" \/>\n\t<meta name=\"twitter:data1\" content=\"Atmosfera\" \/>\n\t<meta name=\"twitter:label2\" content=\"Est. tempo de leitura\" \/>\n\t<meta name=\"twitter:data2\" content=\"2 minutos\" \/>\n<script type=\"application\/ld+json\" class=\"yoast-schema-graph\">{\"@context\":\"https:\/\/schema.org\",\"@graph\":[{\"@type\":\"WebPage\",\"@id\":\"https:\/\/atmosfera.com\/blog\/valores-de-locacao-tem-aumento-expressivo-em-ubatuba\/\",\"url\":\"https:\/\/atmosfera.com\/blog\/valores-de-locacao-tem-aumento-expressivo-em-ubatuba\/\",\"name\":\"Valores de loca\u00e7\u00e3o t\u00eam aumento expressivo em Ubatuba - Blog - Atmosfera Incorporadora\",\"isPartOf\":{\"@id\":\"https:\/\/atmosfera.com\/blog\/#website\"},\"datePublished\":\"2023-09-06T21:01:04+00:00\",\"dateModified\":\"2023-09-06T21:03:47+00:00\",\"author\":{\"@id\":\"https:\/\/atmosfera.com\/blog\/#\/schema\/person\/c1036cc4bdc6d260ead3df2bb419b3bb\"},\"description\":\"O Conselho Regional de Corretores de Im\u00f3veis de S\u00e3o Paulo (CRECISP) avaliou a m\u00e9dia de pre\u00e7os das di\u00e1rias de loca\u00e7\u00e3o em 20 ag\u00eancias imobili\u00e1rias distribu\u00eddas nas cidades do Litoral Paulista. O novo estudo identificou aumentos de at\u00e9 300% nos valores cobrados por di\u00e1ria nas cidades do litoral no per\u00edodo, entre elas Ubatuba, especialmente para hospedagens de 1 dormit\u00f3rio.\",\"breadcrumb\":{\"@id\":\"https:\/\/atmosfera.com\/blog\/valores-de-locacao-tem-aumento-expressivo-em-ubatuba\/#breadcrumb\"},\"inLanguage\":\"pt-BR\",\"potentialAction\":[{\"@type\":\"ReadAction\",\"target\":[\"https:\/\/atmosfera.com\/blog\/valores-de-locacao-tem-aumento-expressivo-em-ubatuba\/\"]}]},{\"@type\":\"BreadcrumbList\",\"@id\":\"https:\/\/atmosfera.com\/blog\/valores-de-locacao-tem-aumento-expressivo-em-ubatuba\/#breadcrumb\",\"itemListElement\":[{\"@type\":\"ListItem\",\"position\":1,\"name\":\"In\u00edcio\",\"item\":\"https:\/\/atmosfera.com\/blog\/\"},{\"@type\":\"ListItem\",\"position\":2,\"name\":\"Valores de loca\u00e7\u00e3o t\u00eam aumento expressivo em Ubatuba\"}]},{\"@type\":\"WebSite\",\"@id\":\"https:\/\/atmosfera.com\/blog\/#website\",\"url\":\"https:\/\/atmosfera.com\/blog\/\",\"name\":\"Blog - Atmosfera Incorporadora\",\"description\":\"Tend\u00eancias de decora\u00e7\u00e3o, informa\u00e7\u00f5es sobre o mercado imobili\u00e1rio, inova\u00e7\u00e3o e muito mais\",\"potentialAction\":[{\"@type\":\"SearchAction\",\"target\":{\"@type\":\"EntryPoint\",\"urlTemplate\":\"https:\/\/atmosfera.com\/blog\/?s={search_term_string}\"},\"query-input\":\"required name=search_term_string\"}],\"inLanguage\":\"pt-BR\"},{\"@type\":\"Person\",\"@id\":\"https:\/\/atmosfera.com\/blog\/#\/schema\/person\/c1036cc4bdc6d260ead3df2bb419b3bb\",\"name\":\"Atmosfera\",\"image\":{\"@type\":\"ImageObject\",\"inLanguage\":\"pt-BR\",\"@id\":\"https:\/\/atmosfera.com\/blog\/#\/schema\/person\/image\/\",\"url\":\"https:\/\/secure.gravatar.com\/avatar\/14ab1ee3f886dcc93924f92ba486a73c8e9d914dc4cc70fc48ce97777ca02947?s=96&d=mm&r=g\",\"contentUrl\":\"https:\/\/secure.gravatar.com\/avatar\/14ab1ee3f886dcc93924f92ba486a73c8e9d914dc4cc70fc48ce97777ca02947?s=96&d=mm&r=g\",\"caption\":\"Atmosfera\"}}]}<\/script>\n<!-- \/ Yoast SEO plugin. -->","yoast_head_json":{"title":"Valores de loca\u00e7\u00e3o t\u00eam aumento expressivo em Ubatuba - Blog - Atmosfera Incorporadora","description":"O Conselho Regional de Corretores de Im\u00f3veis de S\u00e3o Paulo (CRECISP) avaliou a m\u00e9dia de pre\u00e7os das di\u00e1rias de loca\u00e7\u00e3o em 20 ag\u00eancias imobili\u00e1rias distribu\u00eddas nas cidades do Litoral Paulista. O novo estudo identificou aumentos de at\u00e9 300% nos valores cobrados por di\u00e1ria nas cidades do litoral no per\u00edodo, entre elas Ubatuba, especialmente para hospedagens de 1 dormit\u00f3rio.","robots":{"index":"index","follow":"follow","max-snippet":"max-snippet:-1","max-image-preview":"max-image-preview:large","max-video-preview":"max-video-preview:-1"},"canonical":"https:\/\/atmosfera.com\/blog\/valores-de-locacao-tem-aumento-expressivo-em-ubatuba\/","og_locale":"pt_BR","og_type":"article","og_title":"Valores de loca\u00e7\u00e3o t\u00eam aumento expressivo em Ubatuba - Blog - Atmosfera Incorporadora","og_description":"O Conselho Regional de Corretores de Im\u00f3veis de S\u00e3o Paulo (CRECISP) avaliou a m\u00e9dia de pre\u00e7os das di\u00e1rias de loca\u00e7\u00e3o em 20 ag\u00eancias imobili\u00e1rias distribu\u00eddas nas cidades do Litoral Paulista. O novo estudo identificou aumentos de at\u00e9 300% nos valores cobrados por di\u00e1ria nas cidades do litoral no per\u00edodo, entre elas Ubatuba, especialmente para hospedagens de 1 dormit\u00f3rio.","og_url":"https:\/\/atmosfera.com\/blog\/valores-de-locacao-tem-aumento-expressivo-em-ubatuba\/","og_site_name":"Blog - Atmosfera Incorporadora","article_publisher":"https:\/\/www.facebook.com\/atmosferaubatuba\/","article_published_time":"2023-09-06T21:01:04+00:00","article_modified_time":"2023-09-06T21:03:47+00:00","og_image":[{"width":1000,"height":700,"url":"https:\/\/atmosfera.com\/blog\/wp-content\/uploads\/2023\/09\/MicrosoftTeams-image-2.png","type":"image\/png"}],"author":"Atmosfera","twitter_card":"summary_large_image","twitter_misc":{"Escrito por":"Atmosfera","Est. tempo de leitura":"2 minutos"},"schema":{"@context":"https:\/\/schema.org","@graph":[{"@type":"WebPage","@id":"https:\/\/atmosfera.com\/blog\/valores-de-locacao-tem-aumento-expressivo-em-ubatuba\/","url":"https:\/\/atmosfera.com\/blog\/valores-de-locacao-tem-aumento-expressivo-em-ubatuba\/","name":"Valores de loca\u00e7\u00e3o t\u00eam aumento expressivo em Ubatuba - Blog - Atmosfera Incorporadora","isPartOf":{"@id":"https:\/\/atmosfera.com\/blog\/#website"},"datePublished":"2023-09-06T21:01:04+00:00","dateModified":"2023-09-06T21:03:47+00:00","author":{"@id":"https:\/\/atmosfera.com\/blog\/#\/schema\/person\/c1036cc4bdc6d260ead3df2bb419b3bb"},"description":"O Conselho Regional de Corretores de Im\u00f3veis de S\u00e3o Paulo (CRECISP) avaliou a m\u00e9dia de pre\u00e7os das di\u00e1rias de loca\u00e7\u00e3o em 20 ag\u00eancias imobili\u00e1rias distribu\u00eddas nas cidades do Litoral Paulista. O novo estudo identificou aumentos de at\u00e9 300% nos valores cobrados por di\u00e1ria nas cidades do litoral no per\u00edodo, entre elas Ubatuba, especialmente para hospedagens de 1 dormit\u00f3rio.","breadcrumb":{"@id":"https:\/\/atmosfera.com\/blog\/valores-de-locacao-tem-aumento-expressivo-em-ubatuba\/#breadcrumb"},"inLanguage":"pt-BR","potentialAction":[{"@type":"ReadAction","target":["https:\/\/atmosfera.com\/blog\/valores-de-locacao-tem-aumento-expressivo-em-ubatuba\/"]}]},{"@type":"BreadcrumbList","@id":"https:\/\/atmosfera.com\/blog\/valores-de-locacao-tem-aumento-expressivo-em-ubatuba\/#breadcrumb","itemListElement":[{"@type":"ListItem","position":1,"name":"In\u00edcio","item":"https:\/\/atmosfera.com\/blog\/"},{"@type":"ListItem","position":2,"name":"Valores de loca\u00e7\u00e3o t\u00eam aumento expressivo em Ubatuba"}]},{"@type":"WebSite","@id":"https:\/\/atmosfera.com\/blog\/#website","url":"https:\/\/atmosfera.com\/blog\/","name":"Blog - Atmosfera Incorporadora","description":"Tend\u00eancias de decora\u00e7\u00e3o, informa\u00e7\u00f5es sobre o mercado imobili\u00e1rio, inova\u00e7\u00e3o e muito mais","potentialAction":[{"@type":"SearchAction","target":{"@type":"EntryPoint","urlTemplate":"https:\/\/atmosfera.com\/blog\/?s={search_term_string}"},"query-input":"required name=search_term_string"}],"inLanguage":"pt-BR"},{"@type":"Person","@id":"https:\/\/atmosfera.com\/blog\/#\/schema\/person\/c1036cc4bdc6d260ead3df2bb419b3bb","name":"Atmosfera","image":{"@type":"ImageObject","inLanguage":"pt-BR","@id":"https:\/\/atmosfera.com\/blog\/#\/schema\/person\/image\/","url":"https:\/\/secure.gravatar.com\/avatar\/14ab1ee3f886dcc93924f92ba486a73c8e9d914dc4cc70fc48ce97777ca02947?s=96&d=mm&r=g","contentUrl":"https:\/\/secure.gravatar.com\/avatar\/14ab1ee3f886dcc93924f92ba486a73c8e9d914dc4cc70fc48ce97777ca02947?s=96&d=mm&r=g","caption":"Atmosfera"}}]}},"_links":{"self":[{"href":"https:\/\/atmosfera.com\/blog\/wp-json\/wp\/v2\/posts\/1650","targetHints":{"allow":["GET"]}}],"collection":[{"href":"https:\/\/atmosfera.com\/blog\/wp-json\/wp\/v2\/posts"}],"about":[{"href":"https:\/\/atmosfera.com\/blog\/wp-json\/wp\/v2\/types\/post"}],"author":[{"embeddable":true,"href":"https:\/\/atmosfera.com\/blog\/wp-json\/wp\/v2\/users\/4"}],"replies":[{"embeddable":true,"href":"https:\/\/atmosfera.com\/blog\/wp-json\/wp\/v2\/comments?post=1650"}],"version-history":[{"count":2,"href":"https:\/\/atmosfera.com\/blog\/wp-json\/wp\/v2\/posts\/1650\/revisions"}],"predecessor-version":[{"id":1656,"href":"https:\/\/atmosfera.com\/blog\/wp-json\/wp\/v2\/posts\/1650\/revisions\/1656"}],"wp:featuredmedia":[{"embeddable":true,"href":"https:\/\/atmosfera.com\/blog\/wp-json\/wp\/v2\/media\/1653"}],"wp:attachment":[{"href":"https:\/\/atmosfera.com\/blog\/wp-json\/wp\/v2\/media?parent=1650"}],"wp:term":[{"taxonomy":"category","embeddable":true,"href":"https:\/\/atmosfera.com\/blog\/wp-json\/wp\/v2\/categories?post=1650"},{"taxonomy":"post_tag","embeddable":true,"href":"https:\/\/atmosfera.com\/blog\/wp-json\/wp\/v2\/tags?post=1650"},{"taxonomy":"powerkit_post_featured","embeddable":true,"href":"https:\/\/atmosfera.com\/blog\/wp-json\/wp\/v2\/powerkit_post_featured?post=1650"}],"curies":[{"name":"wp","href":"https:\/\/api.w.org\/{rel}","templated":true}]}}